{"id":38100,"date":"2016-02-01T00:00:00","date_gmt":"2016-02-01T00:00:00","guid":{"rendered":"https:\/\/augustaabogados.com\/innangard-international-employment-law-alliance-2\/"},"modified":"2024-02-06T11:30:50","modified_gmt":"2024-02-06T11:30:50","slug":"innangard-international-employment-law-alliance-2","status":"publish","type":"post","link":"https:\/\/augustaabogados.com\/en\/innangard-international-employment-law-alliance-2\/","title":{"rendered":"INNANGARD \u0096INTERNATIONAL EMPLOYMENT LAW ALLIANCE"},"content":{"rendered":"<p>25th January 2016 \u0096 FORNESA ABOGADOS has decided to join Innangard, the recognized international alliance of legal firms specialized in Employment Law.<\/p>\n<p><a title=\"www.innangardglobal.com\" href=\"http:\/\/www.innangardglobal.com\" target=\"_blank\" rel=\"noopener\"><img fetchpriority=\"high\" decoding=\"async\" class=\"size-full wp-image-4905 aligncenter\" alt=\"photo01_innangard_fornesa-abogados\" src=\"https:\/\/augustaabogados.com\/wp-content\/uploads\/2024\/02\/photo01_innangard_fornesa-abogados-26.jpg\" width=\"620\" height=\"279\" \/><\/a><\/p>\n<p>Innangard brings together renowned legal firms specialized in employment advice. The alliance is currently made up of six firms \u0096 Weil&#038;Associ\u00e9s (France), Studio Legale Daverio&#038;Florio (Italy), CM Murray LLP (UK), Colleen Cleary Solicitors (Ireland), Van Hall Advocaten Arbeidsrecht (Holand) and Fornesa Abogados (Spain).<\/p>\n<p><img decoding=\"async\" class=\"size-full wp-image-4904 aligncenter\" style=\"font-size: 1rem; line-height: 1;\" alt=\"photo02_innangard_fornesa-abogados\" src=\"https:\/\/augustaabogados.com\/wp-content\/uploads\/2024\/02\/photo02_innangard_fornesa-abogados-26.jpg\" width=\"620\" height=\"367\" \/>The alliance aims to provide international coverage to those companies which may require advice on employment matters within the different jurisdictions in which they develop their businesses. <\/p>\n<p><img decoding=\"async\" class=\"size-full wp-image-4903 aligncenter\" style=\"font-size: 1rem; line-height: 1;\" alt=\"photo03_innangard_fornesa-abogados\" src=\"https:\/\/augustaabogados.com\/wp-content\/uploads\/2024\/02\/photo03_innangard_fornesa-abogados-26.jpg\" width=\"620\" height=\"367\" \/>Each one of the alliance firms is highly regarded in employment law. Together they aim to provide to their clients a network of highly qualified professionals with proven expertise in the management of employment complex matters and, particularly matters of cross-border nature. Innangard is a non-exclusive network with presence at the major international conferences and seminars in employment, social security and human resources matters.  <\/p>\n<p><img loading=\"lazy\" decoding=\"async\" class=\"size-full wp-image-4902 aligncenter\" style=\"font-size: 1rem; line-height: 1;\" alt=\"photo04_innangard_fornesa-abogados\" src=\"https:\/\/augustaabogados.com\/wp-content\/uploads\/2024\/02\/photo04_innangard_fornesa-abogados-26.jpg\" width=\"620\" height=\"367\" \/>Innangard seeks to become a distinguished interlocutor in the international labour market, offering continuous training to their clients regarding employment issues within different jurisdictions.<\/p>\n<p><a title=\"www.innangardglobal.com\" href=\"http:\/\/www.innangardglobal.com\" target=\"_blank\" rel=\"noopener\"><img decoding=\"async\" class=\"aligncenter\" alt=\"\" src=\"http:\/\/innangardglobal.com\/wp-content\/themes\/innangardglobal\/img\/logo.png\" \/><\/a><\/p>\n<p>For further information, please contact:  <a title=\"www.innangardglobal.com\" href=\"http:\/\/www.innangardglobal.com\" target=\"_blank\" rel=\"noopener\">www.innangardglobal.com<\/a> o <a href=\"mailto:jj.hita@jordim52.sg-host.com\">jj.hita@jordim52.sg-host.com<\/a>.<\/p>\n","protected":false},"excerpt":{"rendered":"<p>25th January 2016 \u0096 FORNESA ABOGADOS has decided to join Innangard, the recognized international alliance of legal firms specialized in Employment Law. Innangard brings together renowned legal firms specialized in employment advice. The alliance is currently made up of six firms \u0096 Weil&#038;Associ\u00e9s (France), Studio Legale Daverio&#038;Florio (Italy), CM Murray LLP (UK), Colleen Cleary Solicitors [&hellip;]<\/p>\n","protected":false},"author":8,"featured_media":33795,"comment_status":"closed","ping_status":"open","sticky":false,"template":"","format":"standard","meta":{"content-type":"","site-sidebar-layout":"no-sidebar","site-content-layout":"page-builder","ast-site-content-layout":"default","site-content-style":"default","site-sidebar-style":"default","ast-global-header-display":"","ast-banner-title-visibility":"","ast-main-header-display":"","ast-hfb-above-header-display":"","ast-hfb-below-header-display":"","ast-hfb-mobile-header-display":"","site-post-title":"","ast-breadcrumbs-content":"","ast-featured-img":"","footer-sml-layout":"","ast-disable-related-posts":"","theme-transparent-header-meta":"disabled","adv-header-id-meta":"","stick-header-meta":"","header-above-stick-meta":"","header-main-stick-meta":"","header-below-stick-meta":"","astra-migrate-meta-layouts":"set","ast-page-background-enabled":"default","ast-page-background-meta":{"desktop":{"background-color":"var(--ast-global-color-4)","background-image":"","background-repeat":"repeat","background-position":"center center","background-size":"auto","background-attachment":"scroll","background-type":"","background-media":"","overlay-type":"","overlay-color":"","overlay-opacity":"","overlay-gradient":""},"tablet":{"background-color":"","background-image":"","background-repeat":"repeat","background-position":"center center","background-size":"auto","background-attachment":"scroll","background-type":"","background-media":"","overlay-type":"","overlay-color":"","overlay-opacity":"","overlay-gradient":""},"mobile":{"background-color":"","background-image":"","background-repeat":"repeat","background-position":"center center","background-size":"auto","background-attachment":"scroll","background-type":"","background-media":"","overlay-type":"","overlay-color":"","overlay-opacity":"","overlay-gradient":""}},"ast-content-background-meta":{"desktop":{"background-color":"var(--ast-global-color-5)","background-image":"","background-repeat":"repeat","background-position":"center center","background-size":"auto","background-attachment":"scroll","background-type":"","background-media":"","overlay-type":"","overlay-color":"","overlay-opacity":"","overlay-gradient":""},"tablet":{"background-color":"var(--ast-global-color-5)","background-image":"","background-repeat":"repeat","background-position":"center center","background-size":"auto","background-attachment":"scroll","background-type":"","background-media":"","overlay-type":"","overlay-color":"","overlay-opacity":"","overlay-gradient":""},"mobile":{"background-color":"var(--ast-global-color-5)","background-image":"","background-repeat":"repeat","background-position":"center center","background-size":"auto","background-attachment":"scroll","background-type":"","background-media":"","overlay-type":"","overlay-color":"","overlay-opacity":"","overlay-gradient":""}},"footnotes":""},"categories":[1],"tags":[2084],"servicio-asociado":[],"class_list":["post-38100","post","type-post","status-publish","format-standard","has-post-thumbnail","hentry","category-sin-categorizar","tag-innangard-en"],"acf":[],"yoast_head":"<!-- This site is optimized with the Yoast SEO plugin v27.4 - https:\/\/yoast.com\/product\/yoast-seo-wordpress\/ -->\n<title>Informaci\u00f3n sobre la modificaci\u00f3n de la Ley catalana del Impuesto sobre Sucesiones y Donaciones|Informaci\u00f3n sobre la modificaci\u00f3n de la Ley catalana del Impuesto sobre Sucesiones y Donaciones<\/title>\n<meta name=\"description\" content=\"La modificaci\u00f3n de la Ley catalana del Impuesto sobre Sucesiones y Donaciones obliga a reevaluar las planificaciones fiscales de la sucesi\u00f3n familiar y empresarial.|La modificaci\u00f3n de la Ley catalana del Impuesto sobre Sucesiones y Donaciones obliga a reevaluar las planificaciones fiscales de la sucesi\u00f3n familiar y empresarial.\" \/>\n<meta name=\"robots\" content=\"index, follow, max-snippet:-1, max-image-preview:large, max-video-preview:-1\" \/>\n<link rel=\"canonical\" href=\"https:\/\/augustaabogados.com\/nota-de-prensa-innangard-alianza-internacional-de-despachos-especializada-en-derecho-laboral\/\" \/>\n<meta property=\"og:locale\" content=\"en_US\" \/>\n<meta property=\"og:type\" content=\"article\" \/>\n<meta property=\"og:title\" content=\"Informaci\u00f3n sobre la modificaci\u00f3n de la Ley catalana del Impuesto sobre Sucesiones y Donaciones|Informaci\u00f3n sobre la modificaci\u00f3n de la Ley catalana del Impuesto sobre Sucesiones y Donaciones\" \/>\n<meta property=\"og:description\" content=\"La modificaci\u00f3n de la Ley catalana del Impuesto sobre Sucesiones y Donaciones obliga a reevaluar las planificaciones fiscales de la sucesi\u00f3n familiar y empresarial.|La modificaci\u00f3n de la Ley catalana del Impuesto sobre Sucesiones y Donaciones obliga a reevaluar las planificaciones fiscales de la sucesi\u00f3n familiar y empresarial.\" \/>\n<meta property=\"og:url\" content=\"https:\/\/augustaabogados.com\/nota-de-prensa-innangard-alianza-internacional-de-despachos-especializada-en-derecho-laboral\/\" \/>\n<meta property=\"og:site_name\" content=\"Augusta Abogados\" \/>\n<meta property=\"article:published_time\" content=\"2016-02-01T00:00:00+00:00\" \/>\n<meta property=\"article:modified_time\" content=\"2024-02-06T11:30:50+00:00\" \/>\n<meta property=\"og:image\" content=\"https:\/\/augustaabogados.com\/wp-content\/uploads\/2024\/02\/photo01_innangard_fornesa-abogados-22.jpg\" \/>\n\t<meta property=\"og:image:width\" content=\"620\" \/>\n\t<meta property=\"og:image:height\" content=\"279\" \/>\n\t<meta property=\"og:image:type\" content=\"image\/jpeg\" \/>\n<meta name=\"author\" content=\"Augusta Abogados\" \/>\n<meta name=\"twitter:card\" content=\"summary_large_image\" \/>\n<meta name=\"twitter:label1\" content=\"Written by\" \/>\n\t<meta name=\"twitter:data1\" content=\"Augusta Abogados\" \/>\n\t<meta name=\"twitter:label2\" content=\"Est. reading time\" \/>\n\t<meta name=\"twitter:data2\" content=\"3 minutes\" \/>\n<script type=\"application\/ld+json\" class=\"yoast-schema-graph\">{\"@context\":\"https:\\\/\\\/schema.org\",\"@graph\":[{\"@type\":\"Article\",\"@id\":\"https:\\\/\\\/augustaabogados.com\\\/nota-de-prensa-innangard-alianza-internacional-de-despachos-especializada-en-derecho-laboral\\\/#article\",\"isPartOf\":{\"@id\":\"https:\\\/\\\/augustaabogados.com\\\/nota-de-prensa-innangard-alianza-internacional-de-despachos-especializada-en-derecho-laboral\\\/\"},\"author\":{\"name\":\"Augusta Abogados\",\"@id\":\"https:\\\/\\\/augustaabogados.com\\\/#\\\/schema\\\/person\\\/8c5e230eb6ed47cdd14ee188eb04a753\"},\"headline\":\"INNANGARD \u0096INTERNATIONAL EMPLOYMENT LAW ALLIANCE\",\"datePublished\":\"2016-02-01T00:00:00+00:00\",\"dateModified\":\"2024-02-06T11:30:50+00:00\",\"mainEntityOfPage\":{\"@id\":\"https:\\\/\\\/augustaabogados.com\\\/nota-de-prensa-innangard-alianza-internacional-de-despachos-especializada-en-derecho-laboral\\\/\"},\"wordCount\":199,\"publisher\":{\"@id\":\"https:\\\/\\\/augustaabogados.com\\\/#organization\"},\"image\":{\"@id\":\"https:\\\/\\\/augustaabogados.com\\\/nota-de-prensa-innangard-alianza-internacional-de-despachos-especializada-en-derecho-laboral\\\/#primaryimage\"},\"thumbnailUrl\":\"https:\\\/\\\/augustaabogados.com\\\/wp-content\\\/uploads\\\/2024\\\/02\\\/photo01_innangard_fornesa-abogados-22.jpg\",\"keywords\":[\"Innangard\"],\"articleSection\":[\"OTHERS\"],\"inLanguage\":\"en-US\"},{\"@type\":[\"WebPage\",\"ItemPage\"],\"@id\":\"https:\\\/\\\/augustaabogados.com\\\/nota-de-prensa-innangard-alianza-internacional-de-despachos-especializada-en-derecho-laboral\\\/\",\"url\":\"https:\\\/\\\/augustaabogados.com\\\/nota-de-prensa-innangard-alianza-internacional-de-despachos-especializada-en-derecho-laboral\\\/\",\"name\":\"Informaci\u00f3n sobre la modificaci\u00f3n de la Ley catalana del Impuesto sobre Sucesiones y Donaciones|Informaci\u00f3n sobre la modificaci\u00f3n de la Ley catalana del Impuesto sobre Sucesiones y Donaciones\",\"isPartOf\":{\"@id\":\"https:\\\/\\\/augustaabogados.com\\\/#website\"},\"primaryImageOfPage\":{\"@id\":\"https:\\\/\\\/augustaabogados.com\\\/nota-de-prensa-innangard-alianza-internacional-de-despachos-especializada-en-derecho-laboral\\\/#primaryimage\"},\"image\":{\"@id\":\"https:\\\/\\\/augustaabogados.com\\\/nota-de-prensa-innangard-alianza-internacional-de-despachos-especializada-en-derecho-laboral\\\/#primaryimage\"},\"thumbnailUrl\":\"https:\\\/\\\/augustaabogados.com\\\/wp-content\\\/uploads\\\/2024\\\/02\\\/photo01_innangard_fornesa-abogados-22.jpg\",\"datePublished\":\"2016-02-01T00:00:00+00:00\",\"dateModified\":\"2024-02-06T11:30:50+00:00\",\"description\":\"La modificaci\u00f3n de la Ley catalana del Impuesto sobre Sucesiones y Donaciones obliga a reevaluar las planificaciones fiscales de la sucesi\u00f3n familiar y empresarial.|La modificaci\u00f3n de la Ley catalana del Impuesto sobre Sucesiones y Donaciones obliga a reevaluar las planificaciones fiscales de la sucesi\u00f3n familiar y empresarial.\",\"breadcrumb\":{\"@id\":\"https:\\\/\\\/augustaabogados.com\\\/nota-de-prensa-innangard-alianza-internacional-de-despachos-especializada-en-derecho-laboral\\\/#breadcrumb\"},\"inLanguage\":\"en-US\",\"potentialAction\":[{\"@type\":\"ReadAction\",\"target\":[\"https:\\\/\\\/augustaabogados.com\\\/nota-de-prensa-innangard-alianza-internacional-de-despachos-especializada-en-derecho-laboral\\\/\"]}]},{\"@type\":\"ImageObject\",\"inLanguage\":\"en-US\",\"@id\":\"https:\\\/\\\/augustaabogados.com\\\/nota-de-prensa-innangard-alianza-internacional-de-despachos-especializada-en-derecho-laboral\\\/#primaryimage\",\"url\":\"https:\\\/\\\/augustaabogados.com\\\/wp-content\\\/uploads\\\/2024\\\/02\\\/photo01_innangard_fornesa-abogados-22.jpg\",\"contentUrl\":\"https:\\\/\\\/augustaabogados.com\\\/wp-content\\\/uploads\\\/2024\\\/02\\\/photo01_innangard_fornesa-abogados-22.jpg\",\"width\":620,\"height\":279},{\"@type\":\"BreadcrumbList\",\"@id\":\"https:\\\/\\\/augustaabogados.com\\\/nota-de-prensa-innangard-alianza-internacional-de-despachos-especializada-en-derecho-laboral\\\/#breadcrumb\",\"itemListElement\":[{\"@type\":\"ListItem\",\"position\":1,\"name\":\"Portada\",\"item\":\"https:\\\/\\\/augustaabogados.com\\\/en\\\/\"},{\"@type\":\"ListItem\",\"position\":2,\"name\":\"INNANGARD \u0096INTERNATIONAL EMPLOYMENT LAW ALLIANCE\"}]},{\"@type\":\"WebSite\",\"@id\":\"https:\\\/\\\/augustaabogados.com\\\/#website\",\"url\":\"https:\\\/\\\/augustaabogados.com\\\/\",\"name\":\"Augusta Abogados\",\"description\":\"\",\"publisher\":{\"@id\":\"https:\\\/\\\/augustaabogados.com\\\/#organization\"},\"potentialAction\":[{\"@type\":\"SearchAction\",\"target\":{\"@type\":\"EntryPoint\",\"urlTemplate\":\"https:\\\/\\\/augustaabogados.com\\\/?s={search_term_string}\"},\"query-input\":{\"@type\":\"PropertyValueSpecification\",\"valueRequired\":true,\"valueName\":\"search_term_string\"}}],\"inLanguage\":\"en-US\"},{\"@type\":\"Organization\",\"@id\":\"https:\\\/\\\/augustaabogados.com\\\/#organization\",\"name\":\"Augusta Abogados\",\"url\":\"https:\\\/\\\/augustaabogados.com\\\/\",\"logo\":{\"@type\":\"ImageObject\",\"inLanguage\":\"en-US\",\"@id\":\"https:\\\/\\\/augustaabogados.com\\\/#\\\/schema\\\/logo\\\/image\\\/\",\"url\":\"https:\\\/\\\/augustaabogados.com\\\/wp-content\\\/uploads\\\/2023\\\/11\\\/LOGO-AUGUSTA.svg\",\"contentUrl\":\"https:\\\/\\\/augustaabogados.com\\\/wp-content\\\/uploads\\\/2023\\\/11\\\/LOGO-AUGUSTA.svg\",\"caption\":\"Augusta Abogados\"},\"image\":{\"@id\":\"https:\\\/\\\/augustaabogados.com\\\/#\\\/schema\\\/logo\\\/image\\\/\"}},{\"@type\":\"Person\",\"@id\":\"https:\\\/\\\/augustaabogados.com\\\/#\\\/schema\\\/person\\\/8c5e230eb6ed47cdd14ee188eb04a753\",\"name\":\"Augusta Abogados\",\"image\":{\"@type\":\"ImageObject\",\"inLanguage\":\"en-US\",\"@id\":\"https:\\\/\\\/secure.gravatar.com\\\/avatar\\\/09e6ceb5fccff542915602bda752518fa959b0df2d103d929aefa74c2909a4bc?s=96&d=mm&r=g\",\"url\":\"https:\\\/\\\/secure.gravatar.com\\\/avatar\\\/09e6ceb5fccff542915602bda752518fa959b0df2d103d929aefa74c2909a4bc?s=96&d=mm&r=g\",\"contentUrl\":\"https:\\\/\\\/secure.gravatar.com\\\/avatar\\\/09e6ceb5fccff542915602bda752518fa959b0df2d103d929aefa74c2909a4bc?s=96&d=mm&r=g\",\"caption\":\"Augusta Abogados\"}}]}<\/script>\n<!-- \/ Yoast SEO plugin. -->","yoast_head_json":{"title":"Informaci\u00f3n sobre la modificaci\u00f3n de la Ley catalana del Impuesto sobre Sucesiones y Donaciones|Informaci\u00f3n sobre la modificaci\u00f3n de la Ley catalana del Impuesto sobre Sucesiones y Donaciones","description":"La modificaci\u00f3n de la Ley catalana del Impuesto sobre Sucesiones y Donaciones obliga a reevaluar las planificaciones fiscales de la sucesi\u00f3n familiar y empresarial.|La modificaci\u00f3n de la Ley catalana del Impuesto sobre Sucesiones y Donaciones obliga a reevaluar las planificaciones fiscales de la sucesi\u00f3n familiar y empresarial.","robots":{"index":"index","follow":"follow","max-snippet":"max-snippet:-1","max-image-preview":"max-image-preview:large","max-video-preview":"max-video-preview:-1"},"canonical":"https:\/\/augustaabogados.com\/nota-de-prensa-innangard-alianza-internacional-de-despachos-especializada-en-derecho-laboral\/","og_locale":"en_US","og_type":"article","og_title":"Informaci\u00f3n sobre la modificaci\u00f3n de la Ley catalana del Impuesto sobre Sucesiones y Donaciones|Informaci\u00f3n sobre la modificaci\u00f3n de la Ley catalana del Impuesto sobre Sucesiones y Donaciones","og_description":"La modificaci\u00f3n de la Ley catalana del Impuesto sobre Sucesiones y Donaciones obliga a reevaluar las planificaciones fiscales de la sucesi\u00f3n familiar y empresarial.|La modificaci\u00f3n de la Ley catalana del Impuesto sobre Sucesiones y Donaciones obliga a reevaluar las planificaciones fiscales de la sucesi\u00f3n familiar y empresarial.","og_url":"https:\/\/augustaabogados.com\/nota-de-prensa-innangard-alianza-internacional-de-despachos-especializada-en-derecho-laboral\/","og_site_name":"Augusta Abogados","article_published_time":"2016-02-01T00:00:00+00:00","article_modified_time":"2024-02-06T11:30:50+00:00","og_image":[{"width":620,"height":279,"url":"https:\/\/augustaabogados.com\/wp-content\/uploads\/2024\/02\/photo01_innangard_fornesa-abogados-22.jpg","type":"image\/jpeg"}],"author":"Augusta Abogados","twitter_card":"summary_large_image","twitter_misc":{"Written by":"Augusta Abogados","Est. reading time":"3 minutes"},"schema":{"@context":"https:\/\/schema.org","@graph":[{"@type":"Article","@id":"https:\/\/augustaabogados.com\/nota-de-prensa-innangard-alianza-internacional-de-despachos-especializada-en-derecho-laboral\/#article","isPartOf":{"@id":"https:\/\/augustaabogados.com\/nota-de-prensa-innangard-alianza-internacional-de-despachos-especializada-en-derecho-laboral\/"},"author":{"name":"Augusta Abogados","@id":"https:\/\/augustaabogados.com\/#\/schema\/person\/8c5e230eb6ed47cdd14ee188eb04a753"},"headline":"INNANGARD \u0096INTERNATIONAL EMPLOYMENT LAW ALLIANCE","datePublished":"2016-02-01T00:00:00+00:00","dateModified":"2024-02-06T11:30:50+00:00","mainEntityOfPage":{"@id":"https:\/\/augustaabogados.com\/nota-de-prensa-innangard-alianza-internacional-de-despachos-especializada-en-derecho-laboral\/"},"wordCount":199,"publisher":{"@id":"https:\/\/augustaabogados.com\/#organization"},"image":{"@id":"https:\/\/augustaabogados.com\/nota-de-prensa-innangard-alianza-internacional-de-despachos-especializada-en-derecho-laboral\/#primaryimage"},"thumbnailUrl":"https:\/\/augustaabogados.com\/wp-content\/uploads\/2024\/02\/photo01_innangard_fornesa-abogados-22.jpg","keywords":["Innangard"],"articleSection":["OTHERS"],"inLanguage":"en-US"},{"@type":["WebPage","ItemPage"],"@id":"https:\/\/augustaabogados.com\/nota-de-prensa-innangard-alianza-internacional-de-despachos-especializada-en-derecho-laboral\/","url":"https:\/\/augustaabogados.com\/nota-de-prensa-innangard-alianza-internacional-de-despachos-especializada-en-derecho-laboral\/","name":"Informaci\u00f3n sobre la modificaci\u00f3n de la Ley catalana del Impuesto sobre Sucesiones y Donaciones|Informaci\u00f3n sobre la modificaci\u00f3n de la Ley catalana del Impuesto sobre Sucesiones y Donaciones","isPartOf":{"@id":"https:\/\/augustaabogados.com\/#website"},"primaryImageOfPage":{"@id":"https:\/\/augustaabogados.com\/nota-de-prensa-innangard-alianza-internacional-de-despachos-especializada-en-derecho-laboral\/#primaryimage"},"image":{"@id":"https:\/\/augustaabogados.com\/nota-de-prensa-innangard-alianza-internacional-de-despachos-especializada-en-derecho-laboral\/#primaryimage"},"thumbnailUrl":"https:\/\/augustaabogados.com\/wp-content\/uploads\/2024\/02\/photo01_innangard_fornesa-abogados-22.jpg","datePublished":"2016-02-01T00:00:00+00:00","dateModified":"2024-02-06T11:30:50+00:00","description":"La modificaci\u00f3n de la Ley catalana del Impuesto sobre Sucesiones y Donaciones obliga a reevaluar las planificaciones fiscales de la sucesi\u00f3n familiar y empresarial.|La modificaci\u00f3n de la Ley catalana del Impuesto sobre Sucesiones y Donaciones obliga a reevaluar las planificaciones fiscales de la sucesi\u00f3n familiar y empresarial.","breadcrumb":{"@id":"https:\/\/augustaabogados.com\/nota-de-prensa-innangard-alianza-internacional-de-despachos-especializada-en-derecho-laboral\/#breadcrumb"},"inLanguage":"en-US","potentialAction":[{"@type":"ReadAction","target":["https:\/\/augustaabogados.com\/nota-de-prensa-innangard-alianza-internacional-de-despachos-especializada-en-derecho-laboral\/"]}]},{"@type":"ImageObject","inLanguage":"en-US","@id":"https:\/\/augustaabogados.com\/nota-de-prensa-innangard-alianza-internacional-de-despachos-especializada-en-derecho-laboral\/#primaryimage","url":"https:\/\/augustaabogados.com\/wp-content\/uploads\/2024\/02\/photo01_innangard_fornesa-abogados-22.jpg","contentUrl":"https:\/\/augustaabogados.com\/wp-content\/uploads\/2024\/02\/photo01_innangard_fornesa-abogados-22.jpg","width":620,"height":279},{"@type":"BreadcrumbList","@id":"https:\/\/augustaabogados.com\/nota-de-prensa-innangard-alianza-internacional-de-despachos-especializada-en-derecho-laboral\/#breadcrumb","itemListElement":[{"@type":"ListItem","position":1,"name":"Portada","item":"https:\/\/augustaabogados.com\/en\/"},{"@type":"ListItem","position":2,"name":"INNANGARD \u0096INTERNATIONAL EMPLOYMENT LAW ALLIANCE"}]},{"@type":"WebSite","@id":"https:\/\/augustaabogados.com\/#website","url":"https:\/\/augustaabogados.com\/","name":"Augusta Abogados","description":"","publisher":{"@id":"https:\/\/augustaabogados.com\/#organization"},"potentialAction":[{"@type":"SearchAction","target":{"@type":"EntryPoint","urlTemplate":"https:\/\/augustaabogados.com\/?s={search_term_string}"},"query-input":{"@type":"PropertyValueSpecification","valueRequired":true,"valueName":"search_term_string"}}],"inLanguage":"en-US"},{"@type":"Organization","@id":"https:\/\/augustaabogados.com\/#organization","name":"Augusta Abogados","url":"https:\/\/augustaabogados.com\/","logo":{"@type":"ImageObject","inLanguage":"en-US","@id":"https:\/\/augustaabogados.com\/#\/schema\/logo\/image\/","url":"https:\/\/augustaabogados.com\/wp-content\/uploads\/2023\/11\/LOGO-AUGUSTA.svg","contentUrl":"https:\/\/augustaabogados.com\/wp-content\/uploads\/2023\/11\/LOGO-AUGUSTA.svg","caption":"Augusta Abogados"},"image":{"@id":"https:\/\/augustaabogados.com\/#\/schema\/logo\/image\/"}},{"@type":"Person","@id":"https:\/\/augustaabogados.com\/#\/schema\/person\/8c5e230eb6ed47cdd14ee188eb04a753","name":"Augusta Abogados","image":{"@type":"ImageObject","inLanguage":"en-US","@id":"https:\/\/secure.gravatar.com\/avatar\/09e6ceb5fccff542915602bda752518fa959b0df2d103d929aefa74c2909a4bc?s=96&d=mm&r=g","url":"https:\/\/secure.gravatar.com\/avatar\/09e6ceb5fccff542915602bda752518fa959b0df2d103d929aefa74c2909a4bc?s=96&d=mm&r=g","contentUrl":"https:\/\/secure.gravatar.com\/avatar\/09e6ceb5fccff542915602bda752518fa959b0df2d103d929aefa74c2909a4bc?s=96&d=mm&r=g","caption":"Augusta Abogados"}}]}},"_links":{"self":[{"href":"https:\/\/augustaabogados.com\/en\/wp-json\/wp\/v2\/posts\/38100","targetHints":{"allow":["GET"]}}],"collection":[{"href":"https:\/\/augustaabogados.com\/en\/wp-json\/wp\/v2\/posts"}],"about":[{"href":"https:\/\/augustaabogados.com\/en\/wp-json\/wp\/v2\/types\/post"}],"author":[{"embeddable":true,"href":"https:\/\/augustaabogados.com\/en\/wp-json\/wp\/v2\/users\/8"}],"replies":[{"embeddable":true,"href":"https:\/\/augustaabogados.com\/en\/wp-json\/wp\/v2\/comments?post=38100"}],"version-history":[{"count":1,"href":"https:\/\/augustaabogados.com\/en\/wp-json\/wp\/v2\/posts\/38100\/revisions"}],"predecessor-version":[{"id":38113,"href":"https:\/\/augustaabogados.com\/en\/wp-json\/wp\/v2\/posts\/38100\/revisions\/38113"}],"wp:featuredmedia":[{"embeddable":true,"href":"https:\/\/augustaabogados.com\/en\/wp-json\/wp\/v2\/media\/33795"}],"wp:attachment":[{"href":"https:\/\/augustaabogados.com\/en\/wp-json\/wp\/v2\/media?parent=38100"}],"wp:term":[{"taxonomy":"category","embeddable":true,"href":"https:\/\/augustaabogados.com\/en\/wp-json\/wp\/v2\/categories?post=38100"},{"taxonomy":"post_tag","embeddable":true,"href":"https:\/\/augustaabogados.com\/en\/wp-json\/wp\/v2\/tags?post=38100"},{"taxonomy":"servicio-asociado","embeddable":true,"href":"https:\/\/augustaabogados.com\/en\/wp-json\/wp\/v2\/servicio-asociado?post=38100"}],"curies":[{"name":"wp","href":"https:\/\/api.w.org\/{rel}","templated":true}]}}