{"id":38191,"date":"2014-05-14T00:00:00","date_gmt":"2014-05-14T00:00:00","guid":{"rendered":"https:\/\/augustaabogados.com\/el-derecho-al-olvido-en-europa-el-tribunal-resuelve\/"},"modified":"2024-02-06T12:17:51","modified_gmt":"2024-02-06T12:17:51","slug":"el-derecho-al-olvido-en-europa-el-tribunal-resuelve__trashed-2__trashed","status":"publish","type":"post","link":"https:\/\/augustaabogados.com\/en\/el-derecho-al-olvido-en-europa-el-tribunal-resuelve__trashed-2__trashed\/","title":{"rendered":"El derecho al olvido en Europa: el Tribunal resuelve"},"content":{"rendered":"<p>En relaci\u00f3n con el <i>Caso Google Inc., Google Spain contra la Agencia Espa\u00f1ola de Protecci\u00f3n de Datos (AEPD) y el Sr. Mario Costeja Gonz\u00e1lez<\/i>, al cual hac\u00edamos referencia en nuestro art\u00edculo \u0093<i>El Derecho al Olvido en Europa\u0094<\/i>, el Tribunal de Justicia de la Uni\u00f3n Europea dict\u00f3 sentencia ayer d\u00eda 13 de mayo de 2014. La importancia de dicha resoluci\u00f3n reside en su car\u00e1cter vinculante y en la trascendencia que tendr\u00e1 en la actividad y funcionamiento de los motores de b\u00fasqueda.<\/p>\n<p>A modo sumario, el Alto Tribunal ha concluido:<\/p>\n<ul>\n<li>Que los motores de b\u00fasqueda realizan un <i>tratamiento de datos personales<\/i>, fruto de su actividad consistente en realizar b\u00fasquedas, indexaci\u00f3n y almacenamiento de informaci\u00f3n, para su posterior puesta a disposici\u00f3n de los internautas, en un determinado orden de preferencias.<\/li>\n<\/ul>\n<ul>\n<li>Que a dicho tratamiento de datos personales le ser\u00e1 de aplicaci\u00f3n la Directiva 95\/46\/CE cuando el motor de b\u00fasqueda tenga un <i>establecimiento <\/i>(sucursal o filial) en un Estado de la Uni\u00f3n Europea en el que se realicen actividades de promoci\u00f3n y publicidad, cuyos destinatarios sean los habitantes de dicho Estado miembro.<\/li>\n<\/ul>\n<ul>\n<li>Que el motor de b\u00fasqueda deber\u00e1 suprimir de su lista de resultados aquellos enlaces a p\u00e1ginas web que contengan datos personales de la persona que est\u00e1 solicitando su eliminaci\u00f3n, cuando el acceso a dichas p\u00e1ginas aparezca como consecuencia de la introducci\u00f3n del nombre de esa persona en la barra de b\u00fasqueda del mismo.<\/li>\n<\/ul>\n<p>Por tanto, los buscadores, en general, y Google, en particular, deber\u00e1n suprimir de la vinculaci\u00f3n a sus resultados de b\u00fasqueda los datos personales de aquellas personas que as\u00ed lo soliciten; incluso cuando el contenido est\u00e9, y contin\u00fae estando, publicado de forma l\u00edcita en la p\u00e1gina web en la que originariamente hubiera sido publicado. Ello, no obsta, para que en caso de que se trate de un personaje de inter\u00e9s p\u00fablico deban prevalecer las libertades de expresi\u00f3n e informaci\u00f3n.<\/p>\n<p>Esta sentencia es revolucionaria pues, contra todo pron\u00f3stico, difiere de las conclusiones del Abogado General al reconocer el denominado \u0093derecho al olvido\u0094. Sin embargo, debido a la compleja aplicaci\u00f3n pr\u00e1ctica de dicho derecho, ser\u00e1 necesario implementar un sistema que regule el ejercicio del mismo.<\/p>\n<p>Puede consultarse la sentencia completa <b><span style=\"text-decoration: underline;\"><a href=\"http:\/\/curia.europa.eu\/juris\/document\/document.jsf;jsessionid=9ea7d2dc30d58e020a4ffe804a6184e0f7c0653dffc6.e34KaxiLc3qMb40Rch0SaxuNbh90?text=&amp;docid=152065&amp;pageIndex=0&amp;doclang=ES&amp;mode=req&amp;dir=&amp;occ=first&amp;part=1&amp;cid=37723\" target=\"_blank\" rel=\"noopener\">aqu\u00ed<\/a>.<\/span><\/b><\/p>\n<p>A mayor abundamiento, adjuntamos la nota informativa emitida al respecto por la Agencia de Protecci\u00f3n de Datos <b><span style=\"text-decoration: underline;\"><a href=\"http:\/\/www.agpd.es\/portalwebAGPD\/revista_prensa\/revista_prensa\/2014\/notas_prensa\/common\/may_14\/NP_STJUE_derecho_olvido.pdf\" target=\"_blank\" rel=\"noopener\">aqu\u00ed<\/a>.<\/span><\/b><\/p>\n<p>Mar\u00eda Muro<\/p>\n","protected":false},"excerpt":{"rendered":"<p>En relaci\u00f3n con el Caso Google Inc., Google Spain contra la Agencia Espa\u00f1ola de Protecci\u00f3n de Datos (AEPD) y el Sr. Mario Costeja Gonz\u00e1lez, al cual hac\u00edamos referencia en nuestro art\u00edculo \u0093El Derecho al Olvido en Europa\u0094, el Tribunal de Justicia de la Uni\u00f3n Europea dict\u00f3 sentencia ayer d\u00eda 13 de mayo de 2014. La [&hellip;]<\/p>\n","protected":false},"author":8,"featured_media":0,"comment_status":"closed","ping_status":"open","sticky":false,"template":"","format":"standard","meta":{"content-type":"","site-sidebar-layout":"no-sidebar","site-content-layout":"page-builder","ast-site-content-layout":"default","site-content-style":"default","site-sidebar-style":"default","ast-global-header-display":"","ast-banner-title-visibility":"","ast-main-header-display":"","ast-hfb-above-header-display":"","ast-hfb-below-header-display":"","ast-hfb-mobile-header-display":"","site-post-title":"","ast-breadcrumbs-content":"","ast-featured-img":"","footer-sml-layout":"","ast-disable-related-posts":"","theme-transparent-header-meta":"disabled","adv-header-id-meta":"","stick-header-meta":"","header-above-stick-meta":"","header-main-stick-meta":"","header-below-stick-meta":"","astra-migrate-meta-layouts":"set","ast-page-background-enabled":"default","ast-page-background-meta":{"desktop":{"background-color":"var(--ast-global-color-4)","background-image":"","background-repeat":"repeat","background-position":"center center","background-size":"auto","background-attachment":"scroll","background-type":"","background-media":"","overlay-type":"","overlay-color":"","overlay-opacity":"","overlay-gradient":""},"tablet":{"background-color":"","background-image":"","background-repeat":"repeat","background-position":"center center","background-size":"auto","background-attachment":"scroll","background-type":"","background-media":"","overlay-type":"","overlay-color":"","overlay-opacity":"","overlay-gradient":""},"mobile":{"background-color":"","background-image":"","background-repeat":"repeat","background-position":"center center","background-size":"auto","background-attachment":"scroll","background-type":"","background-media":"","overlay-type":"","overlay-color":"","overlay-opacity":"","overlay-gradient":""}},"ast-content-background-meta":{"desktop":{"background-color":"var(--ast-global-color-5)","background-image":"","background-repeat":"repeat","background-position":"center center","background-size":"auto","background-attachment":"scroll","background-type":"","background-media":"","overlay-type":"","overlay-color":"","overlay-opacity":"","overlay-gradient":""},"tablet":{"background-color":"var(--ast-global-color-5)","background-image":"","background-repeat":"repeat","background-position":"center center","background-size":"auto","background-attachment":"scroll","background-type":"","background-media":"","overlay-type":"","overlay-color":"","overlay-opacity":"","overlay-gradient":""},"mobile":{"background-color":"var(--ast-global-color-5)","background-image":"","background-repeat":"repeat","background-position":"center center","background-size":"auto","background-attachment":"scroll","background-type":"","background-media":"","overlay-type":"","overlay-color":"","overlay-opacity":"","overlay-gradient":""}},"footnotes":""},"categories":[1885,1885],"tags":[],"servicio-asociado":[2151],"class_list":{"0":"post-38191","1":"post","2":"type-post","3":"status-publish","4":"format-standard","5":"hentry","6":"category-alert","8":"servicio-asociado-compliance-corporate-governance"},"acf":[],"yoast_head":"<!-- This site is optimized with the Yoast SEO plugin v27.4 - https:\/\/yoast.com\/product\/yoast-seo-wordpress\/ -->\n<title>Informaci\u00f3n sobre la modificaci\u00f3n de la Ley catalana del Impuesto sobre Sucesiones y Donaciones|Informaci\u00f3n sobre la modificaci\u00f3n de la Ley catalana del Impuesto sobre Sucesiones y Donaciones<\/title>\n<meta name=\"description\" content=\"La modificaci\u00f3n de la Ley catalana del Impuesto sobre Sucesiones y Donaciones obliga a reevaluar las planificaciones fiscales de la sucesi\u00f3n familiar y empresarial.|La modificaci\u00f3n de la Ley catalana del Impuesto sobre Sucesiones y Donaciones obliga a reevaluar las planificaciones fiscales de la sucesi\u00f3n familiar y empresarial.\" \/>\n<meta name=\"robots\" content=\"index, follow, max-snippet:-1, max-image-preview:large, max-video-preview:-1\" \/>\n<link rel=\"canonical\" href=\"https:\/\/augustaabogados.com\/en\/el-derecho-al-olvido-en-europa-el-tribunal-resuelve__trashed-2__trashed\/\" \/>\n<meta property=\"og:locale\" content=\"en_US\" \/>\n<meta property=\"og:type\" content=\"article\" \/>\n<meta property=\"og:title\" content=\"Informaci\u00f3n sobre la modificaci\u00f3n de la Ley catalana del Impuesto sobre Sucesiones y Donaciones|Informaci\u00f3n sobre la modificaci\u00f3n de la Ley catalana del Impuesto sobre Sucesiones y Donaciones\" \/>\n<meta property=\"og:description\" content=\"La modificaci\u00f3n de la Ley catalana del Impuesto sobre Sucesiones y Donaciones obliga a reevaluar las planificaciones fiscales de la sucesi\u00f3n familiar y empresarial.|La modificaci\u00f3n de la Ley catalana del Impuesto sobre Sucesiones y Donaciones obliga a reevaluar las planificaciones fiscales de la sucesi\u00f3n familiar y empresarial.\" \/>\n<meta property=\"og:url\" content=\"https:\/\/augustaabogados.com\/en\/el-derecho-al-olvido-en-europa-el-tribunal-resuelve__trashed-2__trashed\/\" \/>\n<meta property=\"og:site_name\" content=\"Augusta Abogados\" \/>\n<meta property=\"article:published_time\" content=\"2014-05-14T00:00:00+00:00\" \/>\n<meta property=\"article:modified_time\" content=\"2024-02-06T12:17:51+00:00\" \/>\n<meta name=\"author\" content=\"Augusta Abogados\" \/>\n<meta name=\"twitter:card\" content=\"summary_large_image\" \/>\n<meta name=\"twitter:label1\" content=\"Written by\" \/>\n\t<meta name=\"twitter:data1\" content=\"Augusta Abogados\" \/>\n\t<meta name=\"twitter:label2\" content=\"Est. reading time\" \/>\n\t<meta name=\"twitter:data2\" content=\"3 minutes\" \/>\n<script type=\"application\/ld+json\" class=\"yoast-schema-graph\">{\"@context\":\"https:\\\/\\\/schema.org\",\"@graph\":[{\"@type\":\"Article\",\"@id\":\"https:\\\/\\\/augustaabogados.com\\\/en\\\/el-derecho-al-olvido-en-europa-el-tribunal-resuelve__trashed-2__trashed\\\/#article\",\"isPartOf\":{\"@id\":\"https:\\\/\\\/augustaabogados.com\\\/en\\\/el-derecho-al-olvido-en-europa-el-tribunal-resuelve__trashed-2__trashed\\\/\"},\"author\":{\"name\":\"Augusta Abogados\",\"@id\":\"https:\\\/\\\/augustaabogados.com\\\/#\\\/schema\\\/person\\\/8c5e230eb6ed47cdd14ee188eb04a753\"},\"headline\":\"El derecho al olvido en Europa: el Tribunal resuelve\",\"datePublished\":\"2014-05-14T00:00:00+00:00\",\"dateModified\":\"2024-02-06T12:17:51+00:00\",\"mainEntityOfPage\":{\"@id\":\"https:\\\/\\\/augustaabogados.com\\\/en\\\/el-derecho-al-olvido-en-europa-el-tribunal-resuelve__trashed-2__trashed\\\/\"},\"wordCount\":427,\"publisher\":{\"@id\":\"https:\\\/\\\/augustaabogados.com\\\/#organization\"},\"articleSection\":[\"ALERT\",\"ALERT\"],\"inLanguage\":\"en-US\"},{\"@type\":[\"WebPage\",\"ItemPage\"],\"@id\":\"https:\\\/\\\/augustaabogados.com\\\/en\\\/el-derecho-al-olvido-en-europa-el-tribunal-resuelve__trashed-2__trashed\\\/\",\"url\":\"https:\\\/\\\/augustaabogados.com\\\/en\\\/el-derecho-al-olvido-en-europa-el-tribunal-resuelve__trashed-2__trashed\\\/\",\"name\":\"Informaci\u00f3n sobre la modificaci\u00f3n de la Ley catalana del Impuesto sobre Sucesiones y Donaciones|Informaci\u00f3n sobre la modificaci\u00f3n de la Ley catalana del Impuesto sobre Sucesiones y Donaciones\",\"isPartOf\":{\"@id\":\"https:\\\/\\\/augustaabogados.com\\\/#website\"},\"datePublished\":\"2014-05-14T00:00:00+00:00\",\"dateModified\":\"2024-02-06T12:17:51+00:00\",\"description\":\"La modificaci\u00f3n de la Ley catalana del Impuesto sobre Sucesiones y Donaciones obliga a reevaluar las planificaciones fiscales de la sucesi\u00f3n familiar y empresarial.|La modificaci\u00f3n de la Ley catalana del Impuesto sobre Sucesiones y Donaciones obliga a reevaluar las planificaciones fiscales de la sucesi\u00f3n familiar y empresarial.\",\"breadcrumb\":{\"@id\":\"https:\\\/\\\/augustaabogados.com\\\/en\\\/el-derecho-al-olvido-en-europa-el-tribunal-resuelve__trashed-2__trashed\\\/#breadcrumb\"},\"inLanguage\":\"en-US\",\"potentialAction\":[{\"@type\":\"ReadAction\",\"target\":[\"https:\\\/\\\/augustaabogados.com\\\/en\\\/el-derecho-al-olvido-en-europa-el-tribunal-resuelve__trashed-2__trashed\\\/\"]}]},{\"@type\":\"BreadcrumbList\",\"@id\":\"https:\\\/\\\/augustaabogados.com\\\/en\\\/el-derecho-al-olvido-en-europa-el-tribunal-resuelve__trashed-2__trashed\\\/#breadcrumb\",\"itemListElement\":[{\"@type\":\"ListItem\",\"position\":1,\"name\":\"Portada\",\"item\":\"https:\\\/\\\/augustaabogados.com\\\/en\\\/\"},{\"@type\":\"ListItem\",\"position\":2,\"name\":\"El derecho al olvido en Europa: el Tribunal resuelve\"}]},{\"@type\":\"WebSite\",\"@id\":\"https:\\\/\\\/augustaabogados.com\\\/#website\",\"url\":\"https:\\\/\\\/augustaabogados.com\\\/\",\"name\":\"Augusta Abogados\",\"description\":\"\",\"publisher\":{\"@id\":\"https:\\\/\\\/augustaabogados.com\\\/#organization\"},\"potentialAction\":[{\"@type\":\"SearchAction\",\"target\":{\"@type\":\"EntryPoint\",\"urlTemplate\":\"https:\\\/\\\/augustaabogados.com\\\/?s={search_term_string}\"},\"query-input\":{\"@type\":\"PropertyValueSpecification\",\"valueRequired\":true,\"valueName\":\"search_term_string\"}}],\"inLanguage\":\"en-US\"},{\"@type\":\"Organization\",\"@id\":\"https:\\\/\\\/augustaabogados.com\\\/#organization\",\"name\":\"Augusta Abogados\",\"url\":\"https:\\\/\\\/augustaabogados.com\\\/\",\"logo\":{\"@type\":\"ImageObject\",\"inLanguage\":\"en-US\",\"@id\":\"https:\\\/\\\/augustaabogados.com\\\/#\\\/schema\\\/logo\\\/image\\\/\",\"url\":\"https:\\\/\\\/augustaabogados.com\\\/wp-content\\\/uploads\\\/2023\\\/11\\\/LOGO-AUGUSTA.svg\",\"contentUrl\":\"https:\\\/\\\/augustaabogados.com\\\/wp-content\\\/uploads\\\/2023\\\/11\\\/LOGO-AUGUSTA.svg\",\"caption\":\"Augusta Abogados\"},\"image\":{\"@id\":\"https:\\\/\\\/augustaabogados.com\\\/#\\\/schema\\\/logo\\\/image\\\/\"}},{\"@type\":\"Person\",\"@id\":\"https:\\\/\\\/augustaabogados.com\\\/#\\\/schema\\\/person\\\/8c5e230eb6ed47cdd14ee188eb04a753\",\"name\":\"Augusta Abogados\",\"image\":{\"@type\":\"ImageObject\",\"inLanguage\":\"en-US\",\"@id\":\"https:\\\/\\\/secure.gravatar.com\\\/avatar\\\/09e6ceb5fccff542915602bda752518fa959b0df2d103d929aefa74c2909a4bc?s=96&d=mm&r=g\",\"url\":\"https:\\\/\\\/secure.gravatar.com\\\/avatar\\\/09e6ceb5fccff542915602bda752518fa959b0df2d103d929aefa74c2909a4bc?s=96&d=mm&r=g\",\"contentUrl\":\"https:\\\/\\\/secure.gravatar.com\\\/avatar\\\/09e6ceb5fccff542915602bda752518fa959b0df2d103d929aefa74c2909a4bc?s=96&d=mm&r=g\",\"caption\":\"Augusta Abogados\"}}]}<\/script>\n<!-- \/ Yoast SEO plugin. -->","yoast_head_json":{"title":"Informaci\u00f3n sobre la modificaci\u00f3n de la Ley catalana del Impuesto sobre Sucesiones y Donaciones|Informaci\u00f3n sobre la modificaci\u00f3n de la Ley catalana del Impuesto sobre Sucesiones y Donaciones","description":"La modificaci\u00f3n de la Ley catalana del Impuesto sobre Sucesiones y Donaciones obliga a reevaluar las planificaciones fiscales de la sucesi\u00f3n familiar y empresarial.|La modificaci\u00f3n de la Ley catalana del Impuesto sobre Sucesiones y Donaciones obliga a reevaluar las planificaciones fiscales de la sucesi\u00f3n familiar y empresarial.","robots":{"index":"index","follow":"follow","max-snippet":"max-snippet:-1","max-image-preview":"max-image-preview:large","max-video-preview":"max-video-preview:-1"},"canonical":"https:\/\/augustaabogados.com\/en\/el-derecho-al-olvido-en-europa-el-tribunal-resuelve__trashed-2__trashed\/","og_locale":"en_US","og_type":"article","og_title":"Informaci\u00f3n sobre la modificaci\u00f3n de la Ley catalana del Impuesto sobre Sucesiones y Donaciones|Informaci\u00f3n sobre la modificaci\u00f3n de la Ley catalana del Impuesto sobre Sucesiones y Donaciones","og_description":"La modificaci\u00f3n de la Ley catalana del Impuesto sobre Sucesiones y Donaciones obliga a reevaluar las planificaciones fiscales de la sucesi\u00f3n familiar y empresarial.|La modificaci\u00f3n de la Ley catalana del Impuesto sobre Sucesiones y Donaciones obliga a reevaluar las planificaciones fiscales de la sucesi\u00f3n familiar y empresarial.","og_url":"https:\/\/augustaabogados.com\/en\/el-derecho-al-olvido-en-europa-el-tribunal-resuelve__trashed-2__trashed\/","og_site_name":"Augusta Abogados","article_published_time":"2014-05-14T00:00:00+00:00","article_modified_time":"2024-02-06T12:17:51+00:00","author":"Augusta Abogados","twitter_card":"summary_large_image","twitter_misc":{"Written by":"Augusta Abogados","Est. reading time":"3 minutes"},"schema":{"@context":"https:\/\/schema.org","@graph":[{"@type":"Article","@id":"https:\/\/augustaabogados.com\/en\/el-derecho-al-olvido-en-europa-el-tribunal-resuelve__trashed-2__trashed\/#article","isPartOf":{"@id":"https:\/\/augustaabogados.com\/en\/el-derecho-al-olvido-en-europa-el-tribunal-resuelve__trashed-2__trashed\/"},"author":{"name":"Augusta Abogados","@id":"https:\/\/augustaabogados.com\/#\/schema\/person\/8c5e230eb6ed47cdd14ee188eb04a753"},"headline":"El derecho al olvido en Europa: el Tribunal resuelve","datePublished":"2014-05-14T00:00:00+00:00","dateModified":"2024-02-06T12:17:51+00:00","mainEntityOfPage":{"@id":"https:\/\/augustaabogados.com\/en\/el-derecho-al-olvido-en-europa-el-tribunal-resuelve__trashed-2__trashed\/"},"wordCount":427,"publisher":{"@id":"https:\/\/augustaabogados.com\/#organization"},"articleSection":["ALERT","ALERT"],"inLanguage":"en-US"},{"@type":["WebPage","ItemPage"],"@id":"https:\/\/augustaabogados.com\/en\/el-derecho-al-olvido-en-europa-el-tribunal-resuelve__trashed-2__trashed\/","url":"https:\/\/augustaabogados.com\/en\/el-derecho-al-olvido-en-europa-el-tribunal-resuelve__trashed-2__trashed\/","name":"Informaci\u00f3n sobre la modificaci\u00f3n de la Ley catalana del Impuesto sobre Sucesiones y Donaciones|Informaci\u00f3n sobre la modificaci\u00f3n de la Ley catalana del Impuesto sobre Sucesiones y Donaciones","isPartOf":{"@id":"https:\/\/augustaabogados.com\/#website"},"datePublished":"2014-05-14T00:00:00+00:00","dateModified":"2024-02-06T12:17:51+00:00","description":"La modificaci\u00f3n de la Ley catalana del Impuesto sobre Sucesiones y Donaciones obliga a reevaluar las planificaciones fiscales de la sucesi\u00f3n familiar y empresarial.|La modificaci\u00f3n de la Ley catalana del Impuesto sobre Sucesiones y Donaciones obliga a reevaluar las planificaciones fiscales de la sucesi\u00f3n familiar y empresarial.","breadcrumb":{"@id":"https:\/\/augustaabogados.com\/en\/el-derecho-al-olvido-en-europa-el-tribunal-resuelve__trashed-2__trashed\/#breadcrumb"},"inLanguage":"en-US","potentialAction":[{"@type":"ReadAction","target":["https:\/\/augustaabogados.com\/en\/el-derecho-al-olvido-en-europa-el-tribunal-resuelve__trashed-2__trashed\/"]}]},{"@type":"BreadcrumbList","@id":"https:\/\/augustaabogados.com\/en\/el-derecho-al-olvido-en-europa-el-tribunal-resuelve__trashed-2__trashed\/#breadcrumb","itemListElement":[{"@type":"ListItem","position":1,"name":"Portada","item":"https:\/\/augustaabogados.com\/en\/"},{"@type":"ListItem","position":2,"name":"El derecho al olvido en Europa: el Tribunal resuelve"}]},{"@type":"WebSite","@id":"https:\/\/augustaabogados.com\/#website","url":"https:\/\/augustaabogados.com\/","name":"Augusta Abogados","description":"","publisher":{"@id":"https:\/\/augustaabogados.com\/#organization"},"potentialAction":[{"@type":"SearchAction","target":{"@type":"EntryPoint","urlTemplate":"https:\/\/augustaabogados.com\/?s={search_term_string}"},"query-input":{"@type":"PropertyValueSpecification","valueRequired":true,"valueName":"search_term_string"}}],"inLanguage":"en-US"},{"@type":"Organization","@id":"https:\/\/augustaabogados.com\/#organization","name":"Augusta Abogados","url":"https:\/\/augustaabogados.com\/","logo":{"@type":"ImageObject","inLanguage":"en-US","@id":"https:\/\/augustaabogados.com\/#\/schema\/logo\/image\/","url":"https:\/\/augustaabogados.com\/wp-content\/uploads\/2023\/11\/LOGO-AUGUSTA.svg","contentUrl":"https:\/\/augustaabogados.com\/wp-content\/uploads\/2023\/11\/LOGO-AUGUSTA.svg","caption":"Augusta Abogados"},"image":{"@id":"https:\/\/augustaabogados.com\/#\/schema\/logo\/image\/"}},{"@type":"Person","@id":"https:\/\/augustaabogados.com\/#\/schema\/person\/8c5e230eb6ed47cdd14ee188eb04a753","name":"Augusta Abogados","image":{"@type":"ImageObject","inLanguage":"en-US","@id":"https:\/\/secure.gravatar.com\/avatar\/09e6ceb5fccff542915602bda752518fa959b0df2d103d929aefa74c2909a4bc?s=96&d=mm&r=g","url":"https:\/\/secure.gravatar.com\/avatar\/09e6ceb5fccff542915602bda752518fa959b0df2d103d929aefa74c2909a4bc?s=96&d=mm&r=g","contentUrl":"https:\/\/secure.gravatar.com\/avatar\/09e6ceb5fccff542915602bda752518fa959b0df2d103d929aefa74c2909a4bc?s=96&d=mm&r=g","caption":"Augusta Abogados"}}]}},"_links":{"self":[{"href":"https:\/\/augustaabogados.com\/en\/wp-json\/wp\/v2\/posts\/38191","targetHints":{"allow":["GET"]}}],"collection":[{"href":"https:\/\/augustaabogados.com\/en\/wp-json\/wp\/v2\/posts"}],"about":[{"href":"https:\/\/augustaabogados.com\/en\/wp-json\/wp\/v2\/types\/post"}],"author":[{"embeddable":true,"href":"https:\/\/augustaabogados.com\/en\/wp-json\/wp\/v2\/users\/8"}],"replies":[{"embeddable":true,"href":"https:\/\/augustaabogados.com\/en\/wp-json\/wp\/v2\/comments?post=38191"}],"version-history":[{"count":1,"href":"https:\/\/augustaabogados.com\/en\/wp-json\/wp\/v2\/posts\/38191\/revisions"}],"predecessor-version":[{"id":41177,"href":"https:\/\/augustaabogados.com\/en\/wp-json\/wp\/v2\/posts\/38191\/revisions\/41177"}],"wp:attachment":[{"href":"https:\/\/augustaabogados.com\/en\/wp-json\/wp\/v2\/media?parent=38191"}],"wp:term":[{"taxonomy":"category","embeddable":true,"href":"https:\/\/augustaabogados.com\/en\/wp-json\/wp\/v2\/categories?post=38191"},{"taxonomy":"post_tag","embeddable":true,"href":"https:\/\/augustaabogados.com\/en\/wp-json\/wp\/v2\/tags?post=38191"},{"taxonomy":"servicio-asociado","embeddable":true,"href":"https:\/\/augustaabogados.com\/en\/wp-json\/wp\/v2\/servicio-asociado?post=38191"}],"curies":[{"name":"wp","href":"https:\/\/api.w.org\/{rel}","templated":true}]}}