{"id":38943,"date":"2020-03-23T00:00:00","date_gmt":"2020-03-23T00:00:00","guid":{"rendered":"https:\/\/augustaabogados.com\/extraordinary-measures-adopted-in-the-procedural-and-bankruptcy-field-because-of-the-covid-19\/"},"modified":"2024-02-06T10:33:06","modified_gmt":"2024-02-06T10:33:06","slug":"extraordinary-measures-adopted-in-the-procedural-and-bankruptcy-field-because-of-the-covid-19","status":"publish","type":"post","link":"https:\/\/augustaabogados.com\/en\/extraordinary-measures-adopted-in-the-procedural-and-bankruptcy-field-because-of-the-covid-19\/","title":{"rendered":"Extraordinary measures adopted in the procedural and bankruptcy field because of the COVID-19"},"content":{"rendered":"<p>On March 14, by virtue of Royal Decree 463\/2020, the state of alarm was declared for the management of health crisis caused by the COVID-19 in whose second additional provision it was agreed to suspend all the terms and deadlines provided for in the procedural laws in all jurisdictional orders, with the exception of those actions and procedures declared urgent (specified in paragraph 2. and 3. of said second additional provision) or those actions or procedures whose continuity was expressly agreed by the competent judge or court in order to avoid irreparable damages to the rights and legitimate interests of the parties in the process.<\/p>\n<p>Furthermore, the fourth additional provision foresees the suspension of prescription and expiration periods of actions and rights during the validity of the state of alarm.<\/p>\n<p>The period of duration of the suspension is linked to the effectiveness of the state of alarm, which was initially declared for fifteen natural days and which, in all probability, will be extended for a further fifteen natural days, i.e. up to 11 April 2020.<\/p>\n<p>Meanwhile, on the same date, 14 March, the Permanent Commission of the General Council of the Judicial Body agreed to suspend, and therefore postpone, all previously scheduled judicial actions, except those declared urgent.<\/p>\n<p>Therefore, as of today, all judicial activities, except for those declared urgent, whether legally or expressly considered so by the courts or tribunals, are suspended while the state of alarm remains in effect.<\/p>\n<p>These measures have a direct effect in the field of insolvency proceedings, as they are applicable to all the insolvency proceedings in progress and the legal actions to be carried out therein.<\/p>\n<p>Subsequently, by Royal Decree Law 8\/2020 of 17 March, on urgent extraordinary measures to deal with the economic and social impact of COVID-19, specifically Article 43, the following specific measures have been established in relation to insolvency proceedings:<\/p>\n<ul>\n<li><strong>Suspension of the duty to apply for tender.<\/strong><\/li>\n<\/ul>\n<p>The duty of the debtor who is in a state of insolvency (whether current or imminent) to apply for voluntary insolvency proceedings within the two-month period established in Article 5 of the Insolvency Law is suspended for the duration of the current state of alarm.<\/p>\n<ul>\n<li><strong>Necessary insolvency proceedings<\/strong><\/li>\n<\/ul>\n<p>Applications for the necessary competition will not be admitted during the state of alarm. Such applications will only be accepted after two months have elapsed since the end of the alarm state. If an application for voluntary competition has been submitted during this period, the application for voluntary competition shall be accepted in preference to the application for the necessary competition.<\/p>\n<ul>\n<li><strong>Pre-competition through the communication provided in Article 5 bis of the Insolvency Law.<\/strong><\/li>\n<\/ul>\n<p>During the period of validity of the state of alarm, the obligation to apply for bankruptcy is also suspended for those individuals or legal entities that have presented the communication regulated in Article 5 bis of the Insolvency Law (the so-called pre-insolvency), even if the legal period established in said Article 5 bis of the Insolvency Law expires.<\/p>\n<p>These measures are complemented by the agreement adopted by the General Council of the Judiciary, on 18 March, which establishes that during the state of alarm only procedural documents linked to urgent legal proceedings may be filed and always through LexNET. Therefore, it is agreed to extend the scope of the suspension of procedural deadlines declared by RD 463\/2020, in general, to those deadlines legally established for the compliance of legal obligations with procedural projection and, in particular, to those applicable to the presentation of a tender application, as declared in article 43.1 of RDL 8\/2020.<\/p>\n<p><a href=\"http:\/\/jordim52.sg-host.com\/wp-content\/uploads\/2020\/03\/Extraordinary-measures-adopted-in-the-procedural-and-bankruptcy-field-because-of-the-COVID-19-EN.pdf\">Download full version in PDF<\/a><\/p>\n","protected":false},"excerpt":{"rendered":"<p>We pay attention to the extraordinary measures adopted in the procedural and insolvency field as a consequence of the declaration of the state of alarm.<\/p>\n","protected":false},"author":8,"featured_media":38944,"comment_status":"closed","ping_status":"open","sticky":false,"template":"","format":"standard","meta":{"content-type":"","site-sidebar-layout":"no-sidebar","site-content-layout":"page-builder","ast-site-content-layout":"default","site-content-style":"default","site-sidebar-style":"default","ast-global-header-display":"","ast-banner-title-visibility":"","ast-main-header-display":"","ast-hfb-above-header-display":"","ast-hfb-below-header-display":"","ast-hfb-mobile-header-display":"","site-post-title":"","ast-breadcrumbs-content":"","ast-featured-img":"","footer-sml-layout":"","ast-disable-related-posts":"","theme-transparent-header-meta":"disabled","adv-header-id-meta":"","stick-header-meta":"","header-above-stick-meta":"","header-main-stick-meta":"","header-below-stick-meta":"","astra-migrate-meta-layouts":"set","ast-page-background-enabled":"default","ast-page-background-meta":{"desktop":{"background-color":"var(--ast-global-color-4)","background-image":"","background-repeat":"repeat","background-position":"center center","background-size":"auto","background-attachment":"scroll","background-type":"","background-media":"","overlay-type":"","overlay-color":"","overlay-opacity":"","overlay-gradient":""},"tablet":{"background-color":"","background-image":"","background-repeat":"repeat","background-position":"center center","background-size":"auto","background-attachment":"scroll","background-type":"","background-media":"","overlay-type":"","overlay-color":"","overlay-opacity":"","overlay-gradient":""},"mobile":{"background-color":"","background-image":"","background-repeat":"repeat","background-position":"center center","background-size":"auto","background-attachment":"scroll","background-type":"","background-media":"","overlay-type":"","overlay-color":"","overlay-opacity":"","overlay-gradient":""}},"ast-content-background-meta":{"desktop":{"background-color":"var(--ast-global-color-5)","background-image":"","background-repeat":"repeat","background-position":"center center","background-size":"auto","background-attachment":"scroll","background-type":"","background-media":"","overlay-type":"","overlay-color":"","overlay-opacity":"","overlay-gradient":""},"tablet":{"background-color":"var(--ast-global-color-5)","background-image":"","background-repeat":"repeat","background-position":"center center","background-size":"auto","background-attachment":"scroll","background-type":"","background-media":"","overlay-type":"","overlay-color":"","overlay-opacity":"","overlay-gradient":""},"mobile":{"background-color":"var(--ast-global-color-5)","background-image":"","background-repeat":"repeat","background-position":"center center","background-size":"auto","background-attachment":"scroll","background-type":"","background-media":"","overlay-type":"","overlay-color":"","overlay-opacity":"","overlay-gradient":""}},"footnotes":""},"categories":[1],"tags":[1931,1526,1527,575],"servicio-asociado":[],"class_list":["post-38943","post","type-post","status-publish","format-standard","has-post-thumbnail","hentry","category-sin-categorizar","tag-augustaabogados-en","tag-bankruptcy","tag-procedural","tag-procesal"],"acf":[],"yoast_head":"<!-- This site is optimized with the Yoast SEO plugin v27.4 - https:\/\/yoast.com\/product\/yoast-seo-wordpress\/ -->\n<title>Informaci\u00f3n sobre la modificaci\u00f3n de la Ley catalana del Impuesto sobre Sucesiones y Donaciones|Informaci\u00f3n sobre la modificaci\u00f3n de la Ley catalana del Impuesto sobre Sucesiones y Donaciones<\/title>\n<meta name=\"description\" content=\"La modificaci\u00f3n de la Ley catalana del Impuesto sobre Sucesiones y Donaciones obliga a reevaluar las planificaciones fiscales de la sucesi\u00f3n familiar y empresarial.|La modificaci\u00f3n de la Ley catalana del Impuesto sobre Sucesiones y Donaciones obliga a reevaluar las planificaciones fiscales de la sucesi\u00f3n familiar y empresarial.\" \/>\n<meta name=\"robots\" content=\"index, follow, max-snippet:-1, max-image-preview:large, max-video-preview:-1\" \/>\n<link rel=\"canonical\" href=\"https:\/\/augustaabogados.com\/en\/extraordinary-measures-adopted-in-the-procedural-and-bankruptcy-field-because-of-the-covid-19\/\" \/>\n<meta property=\"og:locale\" content=\"en_US\" \/>\n<meta property=\"og:type\" content=\"article\" \/>\n<meta property=\"og:title\" content=\"Informaci\u00f3n sobre la modificaci\u00f3n de la Ley catalana del Impuesto sobre Sucesiones y Donaciones|Informaci\u00f3n sobre la modificaci\u00f3n de la Ley catalana del Impuesto sobre Sucesiones y Donaciones\" \/>\n<meta property=\"og:description\" content=\"La modificaci\u00f3n de la Ley catalana del Impuesto sobre Sucesiones y Donaciones obliga a reevaluar las planificaciones fiscales de la sucesi\u00f3n familiar y empresarial.|La modificaci\u00f3n de la Ley catalana del Impuesto sobre Sucesiones y Donaciones obliga a reevaluar las planificaciones fiscales de la sucesi\u00f3n familiar y empresarial.\" \/>\n<meta property=\"og:url\" content=\"https:\/\/augustaabogados.com\/en\/extraordinary-measures-adopted-in-the-procedural-and-bankruptcy-field-because-of-the-covid-19\/\" \/>\n<meta property=\"og:site_name\" content=\"Augusta Abogados\" \/>\n<meta property=\"article:published_time\" content=\"2020-03-23T00:00:00+00:00\" \/>\n<meta property=\"article:modified_time\" content=\"2024-02-06T10:33:06+00:00\" \/>\n<meta property=\"og:image\" content=\"https:\/\/augustaabogados.com\/wp-content\/uploads\/2024\/02\/covid-19-news-augusta-abogados-55.jpg\" \/>\n\t<meta property=\"og:image:width\" content=\"800\" \/>\n\t<meta property=\"og:image:height\" content=\"418\" \/>\n\t<meta property=\"og:image:type\" content=\"image\/jpeg\" \/>\n<meta name=\"author\" content=\"Augusta Abogados\" \/>\n<meta name=\"twitter:card\" content=\"summary_large_image\" \/>\n<meta name=\"twitter:label1\" content=\"Written by\" \/>\n\t<meta name=\"twitter:data1\" content=\"Augusta Abogados\" \/>\n\t<meta name=\"twitter:label2\" content=\"Est. reading time\" \/>\n\t<meta name=\"twitter:data2\" content=\"3 minutes\" \/>\n<script type=\"application\/ld+json\" class=\"yoast-schema-graph\">{\"@context\":\"https:\\\/\\\/schema.org\",\"@graph\":[{\"@type\":\"Article\",\"@id\":\"https:\\\/\\\/augustaabogados.com\\\/en\\\/extraordinary-measures-adopted-in-the-procedural-and-bankruptcy-field-because-of-the-covid-19\\\/#article\",\"isPartOf\":{\"@id\":\"https:\\\/\\\/augustaabogados.com\\\/en\\\/extraordinary-measures-adopted-in-the-procedural-and-bankruptcy-field-because-of-the-covid-19\\\/\"},\"author\":{\"name\":\"Augusta Abogados\",\"@id\":\"https:\\\/\\\/augustaabogados.com\\\/#\\\/schema\\\/person\\\/8c5e230eb6ed47cdd14ee188eb04a753\"},\"headline\":\"Extraordinary measures adopted in the procedural and bankruptcy field because of the COVID-19\",\"datePublished\":\"2020-03-23T00:00:00+00:00\",\"dateModified\":\"2024-02-06T10:33:06+00:00\",\"mainEntityOfPage\":{\"@id\":\"https:\\\/\\\/augustaabogados.com\\\/en\\\/extraordinary-measures-adopted-in-the-procedural-and-bankruptcy-field-because-of-the-covid-19\\\/\"},\"wordCount\":596,\"publisher\":{\"@id\":\"https:\\\/\\\/augustaabogados.com\\\/#organization\"},\"image\":{\"@id\":\"https:\\\/\\\/augustaabogados.com\\\/en\\\/extraordinary-measures-adopted-in-the-procedural-and-bankruptcy-field-because-of-the-covid-19\\\/#primaryimage\"},\"thumbnailUrl\":\"https:\\\/\\\/augustaabogados.com\\\/wp-content\\\/uploads\\\/2024\\\/02\\\/covid-19-news-augusta-abogados-55.jpg\",\"keywords\":[\"augustaabogados\",\"bankruptcy\",\"procedural\",\"procesal\"],\"articleSection\":[\"OTHERS\"],\"inLanguage\":\"en-US\"},{\"@type\":[\"WebPage\",\"ItemPage\"],\"@id\":\"https:\\\/\\\/augustaabogados.com\\\/en\\\/extraordinary-measures-adopted-in-the-procedural-and-bankruptcy-field-because-of-the-covid-19\\\/\",\"url\":\"https:\\\/\\\/augustaabogados.com\\\/en\\\/extraordinary-measures-adopted-in-the-procedural-and-bankruptcy-field-because-of-the-covid-19\\\/\",\"name\":\"Informaci\u00f3n sobre la modificaci\u00f3n de la Ley catalana del Impuesto sobre Sucesiones y Donaciones|Informaci\u00f3n sobre la modificaci\u00f3n de la Ley catalana del Impuesto sobre Sucesiones y Donaciones\",\"isPartOf\":{\"@id\":\"https:\\\/\\\/augustaabogados.com\\\/#website\"},\"primaryImageOfPage\":{\"@id\":\"https:\\\/\\\/augustaabogados.com\\\/en\\\/extraordinary-measures-adopted-in-the-procedural-and-bankruptcy-field-because-of-the-covid-19\\\/#primaryimage\"},\"image\":{\"@id\":\"https:\\\/\\\/augustaabogados.com\\\/en\\\/extraordinary-measures-adopted-in-the-procedural-and-bankruptcy-field-because-of-the-covid-19\\\/#primaryimage\"},\"thumbnailUrl\":\"https:\\\/\\\/augustaabogados.com\\\/wp-content\\\/uploads\\\/2024\\\/02\\\/covid-19-news-augusta-abogados-55.jpg\",\"datePublished\":\"2020-03-23T00:00:00+00:00\",\"dateModified\":\"2024-02-06T10:33:06+00:00\",\"description\":\"La modificaci\u00f3n de la Ley catalana del Impuesto sobre Sucesiones y Donaciones obliga a reevaluar las planificaciones fiscales de la sucesi\u00f3n familiar y empresarial.|La modificaci\u00f3n de la Ley catalana del Impuesto sobre Sucesiones y Donaciones obliga a reevaluar las planificaciones fiscales de la sucesi\u00f3n familiar y empresarial.\",\"breadcrumb\":{\"@id\":\"https:\\\/\\\/augustaabogados.com\\\/en\\\/extraordinary-measures-adopted-in-the-procedural-and-bankruptcy-field-because-of-the-covid-19\\\/#breadcrumb\"},\"inLanguage\":\"en-US\",\"potentialAction\":[{\"@type\":\"ReadAction\",\"target\":[\"https:\\\/\\\/augustaabogados.com\\\/en\\\/extraordinary-measures-adopted-in-the-procedural-and-bankruptcy-field-because-of-the-covid-19\\\/\"]}]},{\"@type\":\"ImageObject\",\"inLanguage\":\"en-US\",\"@id\":\"https:\\\/\\\/augustaabogados.com\\\/en\\\/extraordinary-measures-adopted-in-the-procedural-and-bankruptcy-field-because-of-the-covid-19\\\/#primaryimage\",\"url\":\"https:\\\/\\\/augustaabogados.com\\\/wp-content\\\/uploads\\\/2024\\\/02\\\/covid-19-news-augusta-abogados-55.jpg\",\"contentUrl\":\"https:\\\/\\\/augustaabogados.com\\\/wp-content\\\/uploads\\\/2024\\\/02\\\/covid-19-news-augusta-abogados-55.jpg\",\"width\":800,\"height\":418},{\"@type\":\"BreadcrumbList\",\"@id\":\"https:\\\/\\\/augustaabogados.com\\\/en\\\/extraordinary-measures-adopted-in-the-procedural-and-bankruptcy-field-because-of-the-covid-19\\\/#breadcrumb\",\"itemListElement\":[{\"@type\":\"ListItem\",\"position\":1,\"name\":\"Portada\",\"item\":\"https:\\\/\\\/augustaabogados.com\\\/en\\\/\"},{\"@type\":\"ListItem\",\"position\":2,\"name\":\"Extraordinary measures adopted in the procedural and bankruptcy field because of the COVID-19\"}]},{\"@type\":\"WebSite\",\"@id\":\"https:\\\/\\\/augustaabogados.com\\\/#website\",\"url\":\"https:\\\/\\\/augustaabogados.com\\\/\",\"name\":\"Augusta Abogados\",\"description\":\"\",\"publisher\":{\"@id\":\"https:\\\/\\\/augustaabogados.com\\\/#organization\"},\"potentialAction\":[{\"@type\":\"SearchAction\",\"target\":{\"@type\":\"EntryPoint\",\"urlTemplate\":\"https:\\\/\\\/augustaabogados.com\\\/?s={search_term_string}\"},\"query-input\":{\"@type\":\"PropertyValueSpecification\",\"valueRequired\":true,\"valueName\":\"search_term_string\"}}],\"inLanguage\":\"en-US\"},{\"@type\":\"Organization\",\"@id\":\"https:\\\/\\\/augustaabogados.com\\\/#organization\",\"name\":\"Augusta Abogados\",\"url\":\"https:\\\/\\\/augustaabogados.com\\\/\",\"logo\":{\"@type\":\"ImageObject\",\"inLanguage\":\"en-US\",\"@id\":\"https:\\\/\\\/augustaabogados.com\\\/#\\\/schema\\\/logo\\\/image\\\/\",\"url\":\"https:\\\/\\\/augustaabogados.com\\\/wp-content\\\/uploads\\\/2023\\\/11\\\/LOGO-AUGUSTA.svg\",\"contentUrl\":\"https:\\\/\\\/augustaabogados.com\\\/wp-content\\\/uploads\\\/2023\\\/11\\\/LOGO-AUGUSTA.svg\",\"caption\":\"Augusta Abogados\"},\"image\":{\"@id\":\"https:\\\/\\\/augustaabogados.com\\\/#\\\/schema\\\/logo\\\/image\\\/\"}},{\"@type\":\"Person\",\"@id\":\"https:\\\/\\\/augustaabogados.com\\\/#\\\/schema\\\/person\\\/8c5e230eb6ed47cdd14ee188eb04a753\",\"name\":\"Augusta Abogados\",\"image\":{\"@type\":\"ImageObject\",\"inLanguage\":\"en-US\",\"@id\":\"https:\\\/\\\/secure.gravatar.com\\\/avatar\\\/09e6ceb5fccff542915602bda752518fa959b0df2d103d929aefa74c2909a4bc?s=96&d=mm&r=g\",\"url\":\"https:\\\/\\\/secure.gravatar.com\\\/avatar\\\/09e6ceb5fccff542915602bda752518fa959b0df2d103d929aefa74c2909a4bc?s=96&d=mm&r=g\",\"contentUrl\":\"https:\\\/\\\/secure.gravatar.com\\\/avatar\\\/09e6ceb5fccff542915602bda752518fa959b0df2d103d929aefa74c2909a4bc?s=96&d=mm&r=g\",\"caption\":\"Augusta Abogados\"}}]}<\/script>\n<!-- \/ Yoast SEO plugin. -->","yoast_head_json":{"title":"Informaci\u00f3n sobre la modificaci\u00f3n de la Ley catalana del Impuesto sobre Sucesiones y Donaciones|Informaci\u00f3n sobre la modificaci\u00f3n de la Ley catalana del Impuesto sobre Sucesiones y Donaciones","description":"La modificaci\u00f3n de la Ley catalana del Impuesto sobre Sucesiones y Donaciones obliga a reevaluar las planificaciones fiscales de la sucesi\u00f3n familiar y empresarial.|La modificaci\u00f3n de la Ley catalana del Impuesto sobre Sucesiones y Donaciones obliga a reevaluar las planificaciones fiscales de la sucesi\u00f3n familiar y empresarial.","robots":{"index":"index","follow":"follow","max-snippet":"max-snippet:-1","max-image-preview":"max-image-preview:large","max-video-preview":"max-video-preview:-1"},"canonical":"https:\/\/augustaabogados.com\/en\/extraordinary-measures-adopted-in-the-procedural-and-bankruptcy-field-because-of-the-covid-19\/","og_locale":"en_US","og_type":"article","og_title":"Informaci\u00f3n sobre la modificaci\u00f3n de la Ley catalana del Impuesto sobre Sucesiones y Donaciones|Informaci\u00f3n sobre la modificaci\u00f3n de la Ley catalana del Impuesto sobre Sucesiones y Donaciones","og_description":"La modificaci\u00f3n de la Ley catalana del Impuesto sobre Sucesiones y Donaciones obliga a reevaluar las planificaciones fiscales de la sucesi\u00f3n familiar y empresarial.|La modificaci\u00f3n de la Ley catalana del Impuesto sobre Sucesiones y Donaciones obliga a reevaluar las planificaciones fiscales de la sucesi\u00f3n familiar y empresarial.","og_url":"https:\/\/augustaabogados.com\/en\/extraordinary-measures-adopted-in-the-procedural-and-bankruptcy-field-because-of-the-covid-19\/","og_site_name":"Augusta Abogados","article_published_time":"2020-03-23T00:00:00+00:00","article_modified_time":"2024-02-06T10:33:06+00:00","og_image":[{"width":800,"height":418,"url":"https:\/\/augustaabogados.com\/wp-content\/uploads\/2024\/02\/covid-19-news-augusta-abogados-55.jpg","type":"image\/jpeg"}],"author":"Augusta Abogados","twitter_card":"summary_large_image","twitter_misc":{"Written by":"Augusta Abogados","Est. reading time":"3 minutes"},"schema":{"@context":"https:\/\/schema.org","@graph":[{"@type":"Article","@id":"https:\/\/augustaabogados.com\/en\/extraordinary-measures-adopted-in-the-procedural-and-bankruptcy-field-because-of-the-covid-19\/#article","isPartOf":{"@id":"https:\/\/augustaabogados.com\/en\/extraordinary-measures-adopted-in-the-procedural-and-bankruptcy-field-because-of-the-covid-19\/"},"author":{"name":"Augusta Abogados","@id":"https:\/\/augustaabogados.com\/#\/schema\/person\/8c5e230eb6ed47cdd14ee188eb04a753"},"headline":"Extraordinary measures adopted in the procedural and bankruptcy field because of the COVID-19","datePublished":"2020-03-23T00:00:00+00:00","dateModified":"2024-02-06T10:33:06+00:00","mainEntityOfPage":{"@id":"https:\/\/augustaabogados.com\/en\/extraordinary-measures-adopted-in-the-procedural-and-bankruptcy-field-because-of-the-covid-19\/"},"wordCount":596,"publisher":{"@id":"https:\/\/augustaabogados.com\/#organization"},"image":{"@id":"https:\/\/augustaabogados.com\/en\/extraordinary-measures-adopted-in-the-procedural-and-bankruptcy-field-because-of-the-covid-19\/#primaryimage"},"thumbnailUrl":"https:\/\/augustaabogados.com\/wp-content\/uploads\/2024\/02\/covid-19-news-augusta-abogados-55.jpg","keywords":["augustaabogados","bankruptcy","procedural","procesal"],"articleSection":["OTHERS"],"inLanguage":"en-US"},{"@type":["WebPage","ItemPage"],"@id":"https:\/\/augustaabogados.com\/en\/extraordinary-measures-adopted-in-the-procedural-and-bankruptcy-field-because-of-the-covid-19\/","url":"https:\/\/augustaabogados.com\/en\/extraordinary-measures-adopted-in-the-procedural-and-bankruptcy-field-because-of-the-covid-19\/","name":"Informaci\u00f3n sobre la modificaci\u00f3n de la Ley catalana del Impuesto sobre Sucesiones y Donaciones|Informaci\u00f3n sobre la modificaci\u00f3n de la Ley catalana del Impuesto sobre Sucesiones y Donaciones","isPartOf":{"@id":"https:\/\/augustaabogados.com\/#website"},"primaryImageOfPage":{"@id":"https:\/\/augustaabogados.com\/en\/extraordinary-measures-adopted-in-the-procedural-and-bankruptcy-field-because-of-the-covid-19\/#primaryimage"},"image":{"@id":"https:\/\/augustaabogados.com\/en\/extraordinary-measures-adopted-in-the-procedural-and-bankruptcy-field-because-of-the-covid-19\/#primaryimage"},"thumbnailUrl":"https:\/\/augustaabogados.com\/wp-content\/uploads\/2024\/02\/covid-19-news-augusta-abogados-55.jpg","datePublished":"2020-03-23T00:00:00+00:00","dateModified":"2024-02-06T10:33:06+00:00","description":"La modificaci\u00f3n de la Ley catalana del Impuesto sobre Sucesiones y Donaciones obliga a reevaluar las planificaciones fiscales de la sucesi\u00f3n familiar y empresarial.|La modificaci\u00f3n de la Ley catalana del Impuesto sobre Sucesiones y Donaciones obliga a reevaluar las planificaciones fiscales de la sucesi\u00f3n familiar y empresarial.","breadcrumb":{"@id":"https:\/\/augustaabogados.com\/en\/extraordinary-measures-adopted-in-the-procedural-and-bankruptcy-field-because-of-the-covid-19\/#breadcrumb"},"inLanguage":"en-US","potentialAction":[{"@type":"ReadAction","target":["https:\/\/augustaabogados.com\/en\/extraordinary-measures-adopted-in-the-procedural-and-bankruptcy-field-because-of-the-covid-19\/"]}]},{"@type":"ImageObject","inLanguage":"en-US","@id":"https:\/\/augustaabogados.com\/en\/extraordinary-measures-adopted-in-the-procedural-and-bankruptcy-field-because-of-the-covid-19\/#primaryimage","url":"https:\/\/augustaabogados.com\/wp-content\/uploads\/2024\/02\/covid-19-news-augusta-abogados-55.jpg","contentUrl":"https:\/\/augustaabogados.com\/wp-content\/uploads\/2024\/02\/covid-19-news-augusta-abogados-55.jpg","width":800,"height":418},{"@type":"BreadcrumbList","@id":"https:\/\/augustaabogados.com\/en\/extraordinary-measures-adopted-in-the-procedural-and-bankruptcy-field-because-of-the-covid-19\/#breadcrumb","itemListElement":[{"@type":"ListItem","position":1,"name":"Portada","item":"https:\/\/augustaabogados.com\/en\/"},{"@type":"ListItem","position":2,"name":"Extraordinary measures adopted in the procedural and bankruptcy field because of the COVID-19"}]},{"@type":"WebSite","@id":"https:\/\/augustaabogados.com\/#website","url":"https:\/\/augustaabogados.com\/","name":"Augusta Abogados","description":"","publisher":{"@id":"https:\/\/augustaabogados.com\/#organization"},"potentialAction":[{"@type":"SearchAction","target":{"@type":"EntryPoint","urlTemplate":"https:\/\/augustaabogados.com\/?s={search_term_string}"},"query-input":{"@type":"PropertyValueSpecification","valueRequired":true,"valueName":"search_term_string"}}],"inLanguage":"en-US"},{"@type":"Organization","@id":"https:\/\/augustaabogados.com\/#organization","name":"Augusta Abogados","url":"https:\/\/augustaabogados.com\/","logo":{"@type":"ImageObject","inLanguage":"en-US","@id":"https:\/\/augustaabogados.com\/#\/schema\/logo\/image\/","url":"https:\/\/augustaabogados.com\/wp-content\/uploads\/2023\/11\/LOGO-AUGUSTA.svg","contentUrl":"https:\/\/augustaabogados.com\/wp-content\/uploads\/2023\/11\/LOGO-AUGUSTA.svg","caption":"Augusta Abogados"},"image":{"@id":"https:\/\/augustaabogados.com\/#\/schema\/logo\/image\/"}},{"@type":"Person","@id":"https:\/\/augustaabogados.com\/#\/schema\/person\/8c5e230eb6ed47cdd14ee188eb04a753","name":"Augusta Abogados","image":{"@type":"ImageObject","inLanguage":"en-US","@id":"https:\/\/secure.gravatar.com\/avatar\/09e6ceb5fccff542915602bda752518fa959b0df2d103d929aefa74c2909a4bc?s=96&d=mm&r=g","url":"https:\/\/secure.gravatar.com\/avatar\/09e6ceb5fccff542915602bda752518fa959b0df2d103d929aefa74c2909a4bc?s=96&d=mm&r=g","contentUrl":"https:\/\/secure.gravatar.com\/avatar\/09e6ceb5fccff542915602bda752518fa959b0df2d103d929aefa74c2909a4bc?s=96&d=mm&r=g","caption":"Augusta Abogados"}}]}},"_links":{"self":[{"href":"https:\/\/augustaabogados.com\/en\/wp-json\/wp\/v2\/posts\/38943","targetHints":{"allow":["GET"]}}],"collection":[{"href":"https:\/\/augustaabogados.com\/en\/wp-json\/wp\/v2\/posts"}],"about":[{"href":"https:\/\/augustaabogados.com\/en\/wp-json\/wp\/v2\/types\/post"}],"author":[{"embeddable":true,"href":"https:\/\/augustaabogados.com\/en\/wp-json\/wp\/v2\/users\/8"}],"replies":[{"embeddable":true,"href":"https:\/\/augustaabogados.com\/en\/wp-json\/wp\/v2\/comments?post=38943"}],"version-history":[{"count":1,"href":"https:\/\/augustaabogados.com\/en\/wp-json\/wp\/v2\/posts\/38943\/revisions"}],"predecessor-version":[{"id":40763,"href":"https:\/\/augustaabogados.com\/en\/wp-json\/wp\/v2\/posts\/38943\/revisions\/40763"}],"wp:featuredmedia":[{"embeddable":true,"href":"https:\/\/augustaabogados.com\/en\/wp-json\/wp\/v2\/media\/38944"}],"wp:attachment":[{"href":"https:\/\/augustaabogados.com\/en\/wp-json\/wp\/v2\/media?parent=38943"}],"wp:term":[{"taxonomy":"category","embeddable":true,"href":"https:\/\/augustaabogados.com\/en\/wp-json\/wp\/v2\/categories?post=38943"},{"taxonomy":"post_tag","embeddable":true,"href":"https:\/\/augustaabogados.com\/en\/wp-json\/wp\/v2\/tags?post=38943"},{"taxonomy":"servicio-asociado","embeddable":true,"href":"https:\/\/augustaabogados.com\/en\/wp-json\/wp\/v2\/servicio-asociado?post=38943"}],"curies":[{"name":"wp","href":"https:\/\/api.w.org\/{rel}","templated":true}]}}