{"id":39089,"date":"2020-05-18T00:00:00","date_gmt":"2020-05-18T00:00:00","guid":{"rendered":"https:\/\/augustaabogados.com\/royal-decree-law-18-2020-of-12-may-on-social-measures-in-defence-of-employment\/"},"modified":"2024-02-06T10:32:41","modified_gmt":"2024-02-06T10:32:41","slug":"royal-decree-law-18-2020-of-12-may-on-social-measures-in-defence-of-employment","status":"publish","type":"post","link":"https:\/\/augustaabogados.com\/en\/royal-decree-law-18-2020-of-12-may-on-social-measures-in-defence-of-employment\/","title":{"rendered":"Royal Decree-Law 18\/2020, of 12 May, on social measures in defence of employment"},"content":{"rendered":"<p><a href=\"https:\/\/www.boe.es\/buscar\/act.php?id=BOE-A-2020-4959\" target=\"_blank\" rel=\"noopener noreferrer\">Royal Decree Law 18\/2020<\/a> was published in the Official State Gazette of 13 May 2020 and came into force on the day of its publication. This RD-Law is raising interpretative doubts, which are expected to be dispelled by the Directorate General of Labour in the coming days. In essence, the new regulations allow the extension of the extraordinary measures of flexibility of the employment regulation proceedings (ERTE) due to force majeure derived from the COVID-19 and establish mechanisms of total or partial waiver of the ERTEs in progress, disassociating them from the state of alarm, with new regimes of exoneration of quotas and extension of the mechanisms of protection due to unemployment and safeguard of employment. We explain the main novelties in our Information Note.<\/p>\n<p><a href=\"http:\/\/jordim52.sg-host.com\/wp-content\/uploads\/2020\/05\/NOTA-INFORMATIVA-COVID-19-RDL-18-2020-English.pdf\" target=\"_blank\" rel=\"noopener noreferrer\">Download full document in PDF<\/a><\/p>\n","protected":false},"excerpt":{"rendered":"<p>Royal Decree Law 18\/2020 was published in the Official State Gazette of 13 May 2020 and came into force on the day of its publication. This RD-Law is raising interpretative doubts, which are expected to be dispelled by the Directorate General of Labour in the coming days. In essence, the new regulations allow the extension [&hellip;]<\/p>\n","protected":false},"author":8,"featured_media":39090,"comment_status":"closed","ping_status":"open","sticky":false,"template":"","format":"standard","meta":{"content-type":"","site-sidebar-layout":"no-sidebar","site-content-layout":"page-builder","ast-site-content-layout":"default","site-content-style":"default","site-sidebar-style":"default","ast-global-header-display":"","ast-banner-title-visibility":"","ast-main-header-display":"","ast-hfb-above-header-display":"","ast-hfb-below-header-display":"","ast-hfb-mobile-header-display":"","site-post-title":"","ast-breadcrumbs-content":"","ast-featured-img":"","footer-sml-layout":"","ast-disable-related-posts":"","theme-transparent-header-meta":"disabled","adv-header-id-meta":"","stick-header-meta":"","header-above-stick-meta":"","header-main-stick-meta":"","header-below-stick-meta":"","astra-migrate-meta-layouts":"set","ast-page-background-enabled":"default","ast-page-background-meta":{"desktop":{"background-color":"var(--ast-global-color-4)","background-image":"","background-repeat":"repeat","background-position":"center center","background-size":"auto","background-attachment":"scroll","background-type":"","background-media":"","overlay-type":"","overlay-color":"","overlay-opacity":"","overlay-gradient":""},"tablet":{"background-color":"","background-image":"","background-repeat":"repeat","background-position":"center center","background-size":"auto","background-attachment":"scroll","background-type":"","background-media":"","overlay-type":"","overlay-color":"","overlay-opacity":"","overlay-gradient":""},"mobile":{"background-color":"","background-image":"","background-repeat":"repeat","background-position":"center center","background-size":"auto","background-attachment":"scroll","background-type":"","background-media":"","overlay-type":"","overlay-color":"","overlay-opacity":"","overlay-gradient":""}},"ast-content-background-meta":{"desktop":{"background-color":"var(--ast-global-color-5)","background-image":"","background-repeat":"repeat","background-position":"center center","background-size":"auto","background-attachment":"scroll","background-type":"","background-media":"","overlay-type":"","overlay-color":"","overlay-opacity":"","overlay-gradient":""},"tablet":{"background-color":"var(--ast-global-color-5)","background-image":"","background-repeat":"repeat","background-position":"center center","background-size":"auto","background-attachment":"scroll","background-type":"","background-media":"","overlay-type":"","overlay-color":"","overlay-opacity":"","overlay-gradient":""},"mobile":{"background-color":"var(--ast-global-color-5)","background-image":"","background-repeat":"repeat","background-position":"center center","background-size":"auto","background-attachment":"scroll","background-type":"","background-media":"","overlay-type":"","overlay-color":"","overlay-opacity":"","overlay-gradient":""}},"footnotes":""},"categories":[1885],"tags":[561,1518,2341,1538],"servicio-asociado":[],"class_list":["post-39089","post","type-post","status-publish","format-standard","has-post-thumbnail","hentry","category-alert","tag-coronavid19","tag-laborlaw","tag-labour-en","tag-measurescovid19"],"acf":[],"yoast_head":"<!-- This site is optimized with the Yoast SEO plugin v27.4 - https:\/\/yoast.com\/product\/yoast-seo-wordpress\/ -->\n<title>Informaci\u00f3n sobre la modificaci\u00f3n de la Ley catalana del Impuesto sobre Sucesiones y Donaciones|Informaci\u00f3n sobre la modificaci\u00f3n de la Ley catalana del Impuesto sobre Sucesiones y Donaciones<\/title>\n<meta name=\"description\" content=\"La modificaci\u00f3n de la Ley catalana del Impuesto sobre Sucesiones y Donaciones obliga a reevaluar las planificaciones fiscales de la sucesi\u00f3n familiar y empresarial.|La modificaci\u00f3n de la Ley catalana del Impuesto sobre Sucesiones y Donaciones obliga a reevaluar las planificaciones fiscales de la sucesi\u00f3n familiar y empresarial.\" \/>\n<meta name=\"robots\" content=\"index, follow, max-snippet:-1, max-image-preview:large, max-video-preview:-1\" \/>\n<link rel=\"canonical\" href=\"https:\/\/augustaabogados.com\/en\/royal-decree-law-18-2020-of-12-may-on-social-measures-in-defence-of-employment\/\" \/>\n<meta property=\"og:locale\" content=\"en_US\" \/>\n<meta property=\"og:type\" content=\"article\" \/>\n<meta property=\"og:title\" content=\"Informaci\u00f3n sobre la modificaci\u00f3n de la Ley catalana del Impuesto sobre Sucesiones y Donaciones|Informaci\u00f3n sobre la modificaci\u00f3n de la Ley catalana del Impuesto sobre Sucesiones y Donaciones\" \/>\n<meta property=\"og:description\" content=\"La modificaci\u00f3n de la Ley catalana del Impuesto sobre Sucesiones y Donaciones obliga a reevaluar las planificaciones fiscales de la sucesi\u00f3n familiar y empresarial.|La modificaci\u00f3n de la Ley catalana del Impuesto sobre Sucesiones y Donaciones obliga a reevaluar las planificaciones fiscales de la sucesi\u00f3n familiar y empresarial.\" \/>\n<meta property=\"og:url\" content=\"https:\/\/augustaabogados.com\/en\/royal-decree-law-18-2020-of-12-may-on-social-measures-in-defence-of-employment\/\" \/>\n<meta property=\"og:site_name\" content=\"Augusta Abogados\" \/>\n<meta property=\"article:published_time\" content=\"2020-05-18T00:00:00+00:00\" \/>\n<meta property=\"article:modified_time\" content=\"2024-02-06T10:32:41+00:00\" \/>\n<meta property=\"og:image\" content=\"https:\/\/augustaabogados.com\/wp-content\/uploads\/2024\/02\/information-note-54.jpg\" \/>\n\t<meta property=\"og:image:width\" content=\"800\" \/>\n\t<meta property=\"og:image:height\" content=\"418\" \/>\n\t<meta property=\"og:image:type\" content=\"image\/jpeg\" \/>\n<meta name=\"author\" content=\"Augusta Abogados\" \/>\n<meta name=\"twitter:card\" content=\"summary_large_image\" \/>\n<meta name=\"twitter:label1\" content=\"Written by\" \/>\n\t<meta name=\"twitter:data1\" content=\"Augusta Abogados\" \/>\n\t<meta name=\"twitter:label2\" content=\"Est. reading time\" \/>\n\t<meta name=\"twitter:data2\" content=\"3 minutes\" \/>\n<script type=\"application\/ld+json\" class=\"yoast-schema-graph\">{\"@context\":\"https:\\\/\\\/schema.org\",\"@graph\":[{\"@type\":\"Article\",\"@id\":\"https:\\\/\\\/augustaabogados.com\\\/en\\\/royal-decree-law-18-2020-of-12-may-on-social-measures-in-defence-of-employment\\\/#article\",\"isPartOf\":{\"@id\":\"https:\\\/\\\/augustaabogados.com\\\/en\\\/royal-decree-law-18-2020-of-12-may-on-social-measures-in-defence-of-employment\\\/\"},\"author\":{\"name\":\"Augusta Abogados\",\"@id\":\"https:\\\/\\\/augustaabogados.com\\\/#\\\/schema\\\/person\\\/8c5e230eb6ed47cdd14ee188eb04a753\"},\"headline\":\"Royal Decree-Law 18\\\/2020, of 12 May, on social measures in defence of employment\",\"datePublished\":\"2020-05-18T00:00:00+00:00\",\"dateModified\":\"2024-02-06T10:32:41+00:00\",\"mainEntityOfPage\":{\"@id\":\"https:\\\/\\\/augustaabogados.com\\\/en\\\/royal-decree-law-18-2020-of-12-may-on-social-measures-in-defence-of-employment\\\/\"},\"wordCount\":138,\"publisher\":{\"@id\":\"https:\\\/\\\/augustaabogados.com\\\/#organization\"},\"image\":{\"@id\":\"https:\\\/\\\/augustaabogados.com\\\/en\\\/royal-decree-law-18-2020-of-12-may-on-social-measures-in-defence-of-employment\\\/#primaryimage\"},\"thumbnailUrl\":\"https:\\\/\\\/augustaabogados.com\\\/wp-content\\\/uploads\\\/2024\\\/02\\\/information-note-54.jpg\",\"keywords\":[\"coronavid19\",\"laborlaw\",\"LABOUR\",\"MeasuresCovid19\"],\"articleSection\":[\"ALERT\"],\"inLanguage\":\"en-US\"},{\"@type\":[\"WebPage\",\"ItemPage\"],\"@id\":\"https:\\\/\\\/augustaabogados.com\\\/en\\\/royal-decree-law-18-2020-of-12-may-on-social-measures-in-defence-of-employment\\\/\",\"url\":\"https:\\\/\\\/augustaabogados.com\\\/en\\\/royal-decree-law-18-2020-of-12-may-on-social-measures-in-defence-of-employment\\\/\",\"name\":\"Informaci\u00f3n sobre la modificaci\u00f3n de la Ley catalana del Impuesto sobre Sucesiones y Donaciones|Informaci\u00f3n sobre la modificaci\u00f3n de la Ley catalana del Impuesto sobre Sucesiones y Donaciones\",\"isPartOf\":{\"@id\":\"https:\\\/\\\/augustaabogados.com\\\/#website\"},\"primaryImageOfPage\":{\"@id\":\"https:\\\/\\\/augustaabogados.com\\\/en\\\/royal-decree-law-18-2020-of-12-may-on-social-measures-in-defence-of-employment\\\/#primaryimage\"},\"image\":{\"@id\":\"https:\\\/\\\/augustaabogados.com\\\/en\\\/royal-decree-law-18-2020-of-12-may-on-social-measures-in-defence-of-employment\\\/#primaryimage\"},\"thumbnailUrl\":\"https:\\\/\\\/augustaabogados.com\\\/wp-content\\\/uploads\\\/2024\\\/02\\\/information-note-54.jpg\",\"datePublished\":\"2020-05-18T00:00:00+00:00\",\"dateModified\":\"2024-02-06T10:32:41+00:00\",\"description\":\"La modificaci\u00f3n de la Ley catalana del Impuesto sobre Sucesiones y Donaciones obliga a reevaluar las planificaciones fiscales de la sucesi\u00f3n familiar y empresarial.|La modificaci\u00f3n de la Ley catalana del Impuesto sobre Sucesiones y Donaciones obliga a reevaluar las planificaciones fiscales de la sucesi\u00f3n familiar y empresarial.\",\"breadcrumb\":{\"@id\":\"https:\\\/\\\/augustaabogados.com\\\/en\\\/royal-decree-law-18-2020-of-12-may-on-social-measures-in-defence-of-employment\\\/#breadcrumb\"},\"inLanguage\":\"en-US\",\"potentialAction\":[{\"@type\":\"ReadAction\",\"target\":[\"https:\\\/\\\/augustaabogados.com\\\/en\\\/royal-decree-law-18-2020-of-12-may-on-social-measures-in-defence-of-employment\\\/\"]}]},{\"@type\":\"ImageObject\",\"inLanguage\":\"en-US\",\"@id\":\"https:\\\/\\\/augustaabogados.com\\\/en\\\/royal-decree-law-18-2020-of-12-may-on-social-measures-in-defence-of-employment\\\/#primaryimage\",\"url\":\"https:\\\/\\\/augustaabogados.com\\\/wp-content\\\/uploads\\\/2024\\\/02\\\/information-note-54.jpg\",\"contentUrl\":\"https:\\\/\\\/augustaabogados.com\\\/wp-content\\\/uploads\\\/2024\\\/02\\\/information-note-54.jpg\",\"width\":800,\"height\":418},{\"@type\":\"BreadcrumbList\",\"@id\":\"https:\\\/\\\/augustaabogados.com\\\/en\\\/royal-decree-law-18-2020-of-12-may-on-social-measures-in-defence-of-employment\\\/#breadcrumb\",\"itemListElement\":[{\"@type\":\"ListItem\",\"position\":1,\"name\":\"Portada\",\"item\":\"https:\\\/\\\/augustaabogados.com\\\/en\\\/\"},{\"@type\":\"ListItem\",\"position\":2,\"name\":\"Royal Decree-Law 18\\\/2020, of 12 May, on social measures in defence of employment\"}]},{\"@type\":\"WebSite\",\"@id\":\"https:\\\/\\\/augustaabogados.com\\\/#website\",\"url\":\"https:\\\/\\\/augustaabogados.com\\\/\",\"name\":\"Augusta Abogados\",\"description\":\"\",\"publisher\":{\"@id\":\"https:\\\/\\\/augustaabogados.com\\\/#organization\"},\"potentialAction\":[{\"@type\":\"SearchAction\",\"target\":{\"@type\":\"EntryPoint\",\"urlTemplate\":\"https:\\\/\\\/augustaabogados.com\\\/?s={search_term_string}\"},\"query-input\":{\"@type\":\"PropertyValueSpecification\",\"valueRequired\":true,\"valueName\":\"search_term_string\"}}],\"inLanguage\":\"en-US\"},{\"@type\":\"Organization\",\"@id\":\"https:\\\/\\\/augustaabogados.com\\\/#organization\",\"name\":\"Augusta Abogados\",\"url\":\"https:\\\/\\\/augustaabogados.com\\\/\",\"logo\":{\"@type\":\"ImageObject\",\"inLanguage\":\"en-US\",\"@id\":\"https:\\\/\\\/augustaabogados.com\\\/#\\\/schema\\\/logo\\\/image\\\/\",\"url\":\"https:\\\/\\\/augustaabogados.com\\\/wp-content\\\/uploads\\\/2023\\\/11\\\/LOGO-AUGUSTA.svg\",\"contentUrl\":\"https:\\\/\\\/augustaabogados.com\\\/wp-content\\\/uploads\\\/2023\\\/11\\\/LOGO-AUGUSTA.svg\",\"caption\":\"Augusta Abogados\"},\"image\":{\"@id\":\"https:\\\/\\\/augustaabogados.com\\\/#\\\/schema\\\/logo\\\/image\\\/\"}},{\"@type\":\"Person\",\"@id\":\"https:\\\/\\\/augustaabogados.com\\\/#\\\/schema\\\/person\\\/8c5e230eb6ed47cdd14ee188eb04a753\",\"name\":\"Augusta Abogados\",\"image\":{\"@type\":\"ImageObject\",\"inLanguage\":\"en-US\",\"@id\":\"https:\\\/\\\/secure.gravatar.com\\\/avatar\\\/09e6ceb5fccff542915602bda752518fa959b0df2d103d929aefa74c2909a4bc?s=96&d=mm&r=g\",\"url\":\"https:\\\/\\\/secure.gravatar.com\\\/avatar\\\/09e6ceb5fccff542915602bda752518fa959b0df2d103d929aefa74c2909a4bc?s=96&d=mm&r=g\",\"contentUrl\":\"https:\\\/\\\/secure.gravatar.com\\\/avatar\\\/09e6ceb5fccff542915602bda752518fa959b0df2d103d929aefa74c2909a4bc?s=96&d=mm&r=g\",\"caption\":\"Augusta Abogados\"}}]}<\/script>\n<!-- \/ Yoast SEO plugin. -->","yoast_head_json":{"title":"Informaci\u00f3n sobre la modificaci\u00f3n de la Ley catalana del Impuesto sobre Sucesiones y Donaciones|Informaci\u00f3n sobre la modificaci\u00f3n de la Ley catalana del Impuesto sobre Sucesiones y Donaciones","description":"La modificaci\u00f3n de la Ley catalana del Impuesto sobre Sucesiones y Donaciones obliga a reevaluar las planificaciones fiscales de la sucesi\u00f3n familiar y empresarial.|La modificaci\u00f3n de la Ley catalana del Impuesto sobre Sucesiones y Donaciones obliga a reevaluar las planificaciones fiscales de la sucesi\u00f3n familiar y empresarial.","robots":{"index":"index","follow":"follow","max-snippet":"max-snippet:-1","max-image-preview":"max-image-preview:large","max-video-preview":"max-video-preview:-1"},"canonical":"https:\/\/augustaabogados.com\/en\/royal-decree-law-18-2020-of-12-may-on-social-measures-in-defence-of-employment\/","og_locale":"en_US","og_type":"article","og_title":"Informaci\u00f3n sobre la modificaci\u00f3n de la Ley catalana del Impuesto sobre Sucesiones y Donaciones|Informaci\u00f3n sobre la modificaci\u00f3n de la Ley catalana del Impuesto sobre Sucesiones y Donaciones","og_description":"La modificaci\u00f3n de la Ley catalana del Impuesto sobre Sucesiones y Donaciones obliga a reevaluar las planificaciones fiscales de la sucesi\u00f3n familiar y empresarial.|La modificaci\u00f3n de la Ley catalana del Impuesto sobre Sucesiones y Donaciones obliga a reevaluar las planificaciones fiscales de la sucesi\u00f3n familiar y empresarial.","og_url":"https:\/\/augustaabogados.com\/en\/royal-decree-law-18-2020-of-12-may-on-social-measures-in-defence-of-employment\/","og_site_name":"Augusta Abogados","article_published_time":"2020-05-18T00:00:00+00:00","article_modified_time":"2024-02-06T10:32:41+00:00","og_image":[{"width":800,"height":418,"url":"https:\/\/augustaabogados.com\/wp-content\/uploads\/2024\/02\/information-note-54.jpg","type":"image\/jpeg"}],"author":"Augusta Abogados","twitter_card":"summary_large_image","twitter_misc":{"Written by":"Augusta Abogados","Est. reading time":"3 minutes"},"schema":{"@context":"https:\/\/schema.org","@graph":[{"@type":"Article","@id":"https:\/\/augustaabogados.com\/en\/royal-decree-law-18-2020-of-12-may-on-social-measures-in-defence-of-employment\/#article","isPartOf":{"@id":"https:\/\/augustaabogados.com\/en\/royal-decree-law-18-2020-of-12-may-on-social-measures-in-defence-of-employment\/"},"author":{"name":"Augusta Abogados","@id":"https:\/\/augustaabogados.com\/#\/schema\/person\/8c5e230eb6ed47cdd14ee188eb04a753"},"headline":"Royal Decree-Law 18\/2020, of 12 May, on social measures in defence of employment","datePublished":"2020-05-18T00:00:00+00:00","dateModified":"2024-02-06T10:32:41+00:00","mainEntityOfPage":{"@id":"https:\/\/augustaabogados.com\/en\/royal-decree-law-18-2020-of-12-may-on-social-measures-in-defence-of-employment\/"},"wordCount":138,"publisher":{"@id":"https:\/\/augustaabogados.com\/#organization"},"image":{"@id":"https:\/\/augustaabogados.com\/en\/royal-decree-law-18-2020-of-12-may-on-social-measures-in-defence-of-employment\/#primaryimage"},"thumbnailUrl":"https:\/\/augustaabogados.com\/wp-content\/uploads\/2024\/02\/information-note-54.jpg","keywords":["coronavid19","laborlaw","LABOUR","MeasuresCovid19"],"articleSection":["ALERT"],"inLanguage":"en-US"},{"@type":["WebPage","ItemPage"],"@id":"https:\/\/augustaabogados.com\/en\/royal-decree-law-18-2020-of-12-may-on-social-measures-in-defence-of-employment\/","url":"https:\/\/augustaabogados.com\/en\/royal-decree-law-18-2020-of-12-may-on-social-measures-in-defence-of-employment\/","name":"Informaci\u00f3n sobre la modificaci\u00f3n de la Ley catalana del Impuesto sobre Sucesiones y Donaciones|Informaci\u00f3n sobre la modificaci\u00f3n de la Ley catalana del Impuesto sobre Sucesiones y Donaciones","isPartOf":{"@id":"https:\/\/augustaabogados.com\/#website"},"primaryImageOfPage":{"@id":"https:\/\/augustaabogados.com\/en\/royal-decree-law-18-2020-of-12-may-on-social-measures-in-defence-of-employment\/#primaryimage"},"image":{"@id":"https:\/\/augustaabogados.com\/en\/royal-decree-law-18-2020-of-12-may-on-social-measures-in-defence-of-employment\/#primaryimage"},"thumbnailUrl":"https:\/\/augustaabogados.com\/wp-content\/uploads\/2024\/02\/information-note-54.jpg","datePublished":"2020-05-18T00:00:00+00:00","dateModified":"2024-02-06T10:32:41+00:00","description":"La modificaci\u00f3n de la Ley catalana del Impuesto sobre Sucesiones y Donaciones obliga a reevaluar las planificaciones fiscales de la sucesi\u00f3n familiar y empresarial.|La modificaci\u00f3n de la Ley catalana del Impuesto sobre Sucesiones y Donaciones obliga a reevaluar las planificaciones fiscales de la sucesi\u00f3n familiar y empresarial.","breadcrumb":{"@id":"https:\/\/augustaabogados.com\/en\/royal-decree-law-18-2020-of-12-may-on-social-measures-in-defence-of-employment\/#breadcrumb"},"inLanguage":"en-US","potentialAction":[{"@type":"ReadAction","target":["https:\/\/augustaabogados.com\/en\/royal-decree-law-18-2020-of-12-may-on-social-measures-in-defence-of-employment\/"]}]},{"@type":"ImageObject","inLanguage":"en-US","@id":"https:\/\/augustaabogados.com\/en\/royal-decree-law-18-2020-of-12-may-on-social-measures-in-defence-of-employment\/#primaryimage","url":"https:\/\/augustaabogados.com\/wp-content\/uploads\/2024\/02\/information-note-54.jpg","contentUrl":"https:\/\/augustaabogados.com\/wp-content\/uploads\/2024\/02\/information-note-54.jpg","width":800,"height":418},{"@type":"BreadcrumbList","@id":"https:\/\/augustaabogados.com\/en\/royal-decree-law-18-2020-of-12-may-on-social-measures-in-defence-of-employment\/#breadcrumb","itemListElement":[{"@type":"ListItem","position":1,"name":"Portada","item":"https:\/\/augustaabogados.com\/en\/"},{"@type":"ListItem","position":2,"name":"Royal Decree-Law 18\/2020, of 12 May, on social measures in defence of employment"}]},{"@type":"WebSite","@id":"https:\/\/augustaabogados.com\/#website","url":"https:\/\/augustaabogados.com\/","name":"Augusta Abogados","description":"","publisher":{"@id":"https:\/\/augustaabogados.com\/#organization"},"potentialAction":[{"@type":"SearchAction","target":{"@type":"EntryPoint","urlTemplate":"https:\/\/augustaabogados.com\/?s={search_term_string}"},"query-input":{"@type":"PropertyValueSpecification","valueRequired":true,"valueName":"search_term_string"}}],"inLanguage":"en-US"},{"@type":"Organization","@id":"https:\/\/augustaabogados.com\/#organization","name":"Augusta Abogados","url":"https:\/\/augustaabogados.com\/","logo":{"@type":"ImageObject","inLanguage":"en-US","@id":"https:\/\/augustaabogados.com\/#\/schema\/logo\/image\/","url":"https:\/\/augustaabogados.com\/wp-content\/uploads\/2023\/11\/LOGO-AUGUSTA.svg","contentUrl":"https:\/\/augustaabogados.com\/wp-content\/uploads\/2023\/11\/LOGO-AUGUSTA.svg","caption":"Augusta Abogados"},"image":{"@id":"https:\/\/augustaabogados.com\/#\/schema\/logo\/image\/"}},{"@type":"Person","@id":"https:\/\/augustaabogados.com\/#\/schema\/person\/8c5e230eb6ed47cdd14ee188eb04a753","name":"Augusta Abogados","image":{"@type":"ImageObject","inLanguage":"en-US","@id":"https:\/\/secure.gravatar.com\/avatar\/09e6ceb5fccff542915602bda752518fa959b0df2d103d929aefa74c2909a4bc?s=96&d=mm&r=g","url":"https:\/\/secure.gravatar.com\/avatar\/09e6ceb5fccff542915602bda752518fa959b0df2d103d929aefa74c2909a4bc?s=96&d=mm&r=g","contentUrl":"https:\/\/secure.gravatar.com\/avatar\/09e6ceb5fccff542915602bda752518fa959b0df2d103d929aefa74c2909a4bc?s=96&d=mm&r=g","caption":"Augusta Abogados"}}]}},"_links":{"self":[{"href":"https:\/\/augustaabogados.com\/en\/wp-json\/wp\/v2\/posts\/39089","targetHints":{"allow":["GET"]}}],"collection":[{"href":"https:\/\/augustaabogados.com\/en\/wp-json\/wp\/v2\/posts"}],"about":[{"href":"https:\/\/augustaabogados.com\/en\/wp-json\/wp\/v2\/types\/post"}],"author":[{"embeddable":true,"href":"https:\/\/augustaabogados.com\/en\/wp-json\/wp\/v2\/users\/8"}],"replies":[{"embeddable":true,"href":"https:\/\/augustaabogados.com\/en\/wp-json\/wp\/v2\/comments?post=39089"}],"version-history":[{"count":1,"href":"https:\/\/augustaabogados.com\/en\/wp-json\/wp\/v2\/posts\/39089\/revisions"}],"predecessor-version":[{"id":40736,"href":"https:\/\/augustaabogados.com\/en\/wp-json\/wp\/v2\/posts\/39089\/revisions\/40736"}],"wp:featuredmedia":[{"embeddable":true,"href":"https:\/\/augustaabogados.com\/en\/wp-json\/wp\/v2\/media\/39090"}],"wp:attachment":[{"href":"https:\/\/augustaabogados.com\/en\/wp-json\/wp\/v2\/media?parent=39089"}],"wp:term":[{"taxonomy":"category","embeddable":true,"href":"https:\/\/augustaabogados.com\/en\/wp-json\/wp\/v2\/categories?post=39089"},{"taxonomy":"post_tag","embeddable":true,"href":"https:\/\/augustaabogados.com\/en\/wp-json\/wp\/v2\/tags?post=39089"},{"taxonomy":"servicio-asociado","embeddable":true,"href":"https:\/\/augustaabogados.com\/en\/wp-json\/wp\/v2\/servicio-asociado?post=39089"}],"curies":[{"name":"wp","href":"https:\/\/api.w.org\/{rel}","templated":true}]}}