{"id":39145,"date":"2020-07-15T00:00:00","date_gmt":"2020-07-15T00:00:00","guid":{"rendered":"https:\/\/augustaabogados.com\/augusta-abogados-joins-rodolfo-fernandez-cuellas-as-a-partner-of-corporate-innovation\/"},"modified":"2024-02-06T10:32:20","modified_gmt":"2024-02-06T10:32:20","slug":"augusta-abogados-joins-rodolfo-fernandez-cuellas-as-a-partner-of-corporate-innovation","status":"publish","type":"post","link":"https:\/\/augustaabogados.com\/en\/augusta-abogados-joins-rodolfo-fernandez-cuellas-as-a-partner-of-corporate-innovation\/","title":{"rendered":"Augusta Abogados joins Rodolfo Fern\u00e1ndez-Cuellas as a partner of Corporate &#038; Innovation"},"content":{"rendered":"<p>Augusta Abogados joins Rodolfo Fern\u00e1ndez-Cuellas as a partner to promote the area of corporate law &amp; innovation. Fern\u00e1ndez-Cuellas is a renowned lawyer of Barcelona who has developed most of his career at Miliners Abogados y Asesores Tributarios, a firm of which he was co-founder and head of the corporate &amp; innovation area.<\/p>\n<p>Fern\u00e1ndez-Cuellas is a Doctor in Law (Phd.) and Academic of the Royal European Academy of Doctors (RAED), as well as a professor at ESADE where he co-directs the seminar on corporate law. He has also developed his career internationally, being a member of the International Practice Group (IPG), where he chairs the Ethics Committee. He is also member of ItechLaw where he was chair of the Arbitration &amp; Mediation Committee.<\/p>\n<p>Rodolfo Fern\u00e1ndez-Cuellas has extensive experience as lawyer in corporate M&amp;B, corporate conflict resolution, real estate law, international transactions and national and international arbitration. He has also advised the creation and development of start-up companies and technology &amp; innovation companies, both Spanish and international, in their development in Spain. In his academic aspect, he is the author of several monographiess and doctrinal articles on corporate law, arbitration and internet contracting. He has been president of the Corporate Law Section of the Barcelona Bar Association and he is currently vice president of the Association for the Promotion of the Arbitration and Mediation.<\/p>\n<p>The integration of Rodolfo Fern\u00e1ndez-Cuellas to Augusta Abogados implies an important milestone in the growth and consolidation of the area and the firm in general, whose objective is to be one of the benchmarks in the area of corporate law and M&amp;A. This area will be co-led with the partner and lawyer <a href=\"http:\/\/jordim52.sg-host.com\/en\/team\/partners\/sergi-gimenez-binder\/\"><strong>Sergi Gim\u00e9nez Binder<\/strong><\/a>.<\/p>\n<p><img fetchpriority=\"high\" decoding=\"async\" class=\"size-large wp-image-14446 aligncenter\" src=\"https:\/\/augustaabogados.com\/wp-content\/uploads\/2024\/02\/RODOLFO-13-scaled.jpg\" alt=\"\" width=\"650\" height=\"525\" \/><\/p>\n<p><strong><a href=\"http:\/\/jordim52.sg-host.com\/wp-content\/uploads\/2020\/07\/LA-VANGUARDIA.pdf\" target=\"_blank\" rel=\"noopener noreferrer\"><em>Access the publication of La Vanguardia<\/em><\/a><\/strong><\/p>\n","protected":false},"excerpt":{"rendered":"<p>Augusta Abogados joins Rodolfo Fern\u00e1ndez-Cuellas as a partner to co-lead, along with Sergi Gim\u00e9nez Binder, the firm&#8217;s corporate &#038; innovation area.<\/p>\n","protected":false},"author":8,"featured_media":34858,"comment_status":"closed","ping_status":"open","sticky":false,"template":"","format":"standard","meta":{"content-type":"","site-sidebar-layout":"no-sidebar","site-content-layout":"page-builder","ast-site-content-layout":"default","site-content-style":"default","site-sidebar-style":"default","ast-global-header-display":"","ast-banner-title-visibility":"","ast-main-header-display":"","ast-hfb-above-header-display":"","ast-hfb-below-header-display":"","ast-hfb-mobile-header-display":"","site-post-title":"","ast-breadcrumbs-content":"","ast-featured-img":"","footer-sml-layout":"","ast-disable-related-posts":"","theme-transparent-header-meta":"disabled","adv-header-id-meta":"","stick-header-meta":"","header-above-stick-meta":"","header-main-stick-meta":"","header-below-stick-meta":"","astra-migrate-meta-layouts":"set","ast-page-background-enabled":"default","ast-page-background-meta":{"desktop":{"background-color":"var(--ast-global-color-4)","background-image":"","background-repeat":"repeat","background-position":"center center","background-size":"auto","background-attachment":"scroll","background-type":"","background-media":"","overlay-type":"","overlay-color":"","overlay-opacity":"","overlay-gradient":""},"tablet":{"background-color":"","background-image":"","background-repeat":"repeat","background-position":"center center","background-size":"auto","background-attachment":"scroll","background-type":"","background-media":"","overlay-type":"","overlay-color":"","overlay-opacity":"","overlay-gradient":""},"mobile":{"background-color":"","background-image":"","background-repeat":"repeat","background-position":"center center","background-size":"auto","background-attachment":"scroll","background-type":"","background-media":"","overlay-type":"","overlay-color":"","overlay-opacity":"","overlay-gradient":""}},"ast-content-background-meta":{"desktop":{"background-color":"var(--ast-global-color-5)","background-image":"","background-repeat":"repeat","background-position":"center center","background-size":"auto","background-attachment":"scroll","background-type":"","background-media":"","overlay-type":"","overlay-color":"","overlay-opacity":"","overlay-gradient":""},"tablet":{"background-color":"var(--ast-global-color-5)","background-image":"","background-repeat":"repeat","background-position":"center center","background-size":"auto","background-attachment":"scroll","background-type":"","background-media":"","overlay-type":"","overlay-color":"","overlay-opacity":"","overlay-gradient":""},"mobile":{"background-color":"var(--ast-global-color-5)","background-image":"","background-repeat":"repeat","background-position":"center center","background-size":"auto","background-attachment":"scroll","background-type":"","background-media":"","overlay-type":"","overlay-color":"","overlay-opacity":"","overlay-gradient":""}},"footnotes":""},"categories":[1896],"tags":[1549,1932,1550,1551,556,1552],"servicio-asociado":[1863],"class_list":["post-39145","post","type-post","status-publish","format-standard","has-post-thumbnail","hentry","category-own-note-statement","tag-corporate-law","tag-derecho-mercantil-en","tag-innovation-arbitration","tag-internet-contracts","tag-lawyer","tag-new-entries","servicio-asociado-mercantil-en"],"acf":[],"yoast_head":"<!-- This site is optimized with the Yoast SEO plugin v27.4 - https:\/\/yoast.com\/product\/yoast-seo-wordpress\/ -->\n<title>Informaci\u00f3n sobre la modificaci\u00f3n de la Ley catalana del Impuesto sobre Sucesiones y Donaciones|Informaci\u00f3n sobre la modificaci\u00f3n de la Ley catalana del Impuesto sobre Sucesiones y Donaciones<\/title>\n<meta name=\"description\" content=\"La modificaci\u00f3n de la Ley catalana del Impuesto sobre Sucesiones y Donaciones obliga a reevaluar las planificaciones fiscales de la sucesi\u00f3n familiar y empresarial.|La modificaci\u00f3n de la Ley catalana del Impuesto sobre Sucesiones y Donaciones obliga a reevaluar las planificaciones fiscales de la sucesi\u00f3n familiar y empresarial.\" \/>\n<meta name=\"robots\" content=\"index, follow, max-snippet:-1, max-image-preview:large, max-video-preview:-1\" \/>\n<link rel=\"canonical\" href=\"https:\/\/augustaabogados.com\/augusta-abogados-incorpora-a-rodolfo-fernandez-cuellas-como-socio-de-mercantil-corporativo-innovacion\/\" \/>\n<meta property=\"og:locale\" content=\"en_US\" \/>\n<meta property=\"og:type\" content=\"article\" \/>\n<meta property=\"og:title\" content=\"Informaci\u00f3n sobre la modificaci\u00f3n de la Ley catalana del Impuesto sobre Sucesiones y Donaciones|Informaci\u00f3n sobre la modificaci\u00f3n de la Ley catalana del Impuesto sobre Sucesiones y Donaciones\" \/>\n<meta property=\"og:description\" content=\"La modificaci\u00f3n de la Ley catalana del Impuesto sobre Sucesiones y Donaciones obliga a reevaluar las planificaciones fiscales de la sucesi\u00f3n familiar y empresarial.|La modificaci\u00f3n de la Ley catalana del Impuesto sobre Sucesiones y Donaciones obliga a reevaluar las planificaciones fiscales de la sucesi\u00f3n familiar y empresarial.\" \/>\n<meta property=\"og:url\" content=\"https:\/\/augustaabogados.com\/augusta-abogados-incorpora-a-rodolfo-fernandez-cuellas-como-socio-de-mercantil-corporativo-innovacion\/\" \/>\n<meta property=\"og:site_name\" content=\"Augusta Abogados\" \/>\n<meta property=\"article:published_time\" content=\"2020-07-15T00:00:00+00:00\" \/>\n<meta property=\"article:modified_time\" content=\"2024-02-06T10:32:20+00:00\" \/>\n<meta property=\"og:image\" content=\"https:\/\/augustaabogados.com\/wp-content\/uploads\/2024\/02\/actualidad-actualitat-news-augusta-abogados-1035.jpg\" \/>\n\t<meta property=\"og:image:width\" content=\"800\" \/>\n\t<meta property=\"og:image:height\" content=\"418\" \/>\n\t<meta property=\"og:image:type\" content=\"image\/jpeg\" \/>\n<meta name=\"author\" content=\"Augusta Abogados\" \/>\n<meta name=\"twitter:card\" content=\"summary_large_image\" \/>\n<meta name=\"twitter:label1\" content=\"Written by\" \/>\n\t<meta name=\"twitter:data1\" content=\"Augusta Abogados\" \/>\n\t<meta name=\"twitter:label2\" content=\"Est. reading time\" \/>\n\t<meta name=\"twitter:data2\" content=\"3 minutes\" \/>\n<script type=\"application\/ld+json\" class=\"yoast-schema-graph\">{\"@context\":\"https:\\\/\\\/schema.org\",\"@graph\":[{\"@type\":\"Article\",\"@id\":\"https:\\\/\\\/augustaabogados.com\\\/augusta-abogados-incorpora-a-rodolfo-fernandez-cuellas-como-socio-de-mercantil-corporativo-innovacion\\\/#article\",\"isPartOf\":{\"@id\":\"https:\\\/\\\/augustaabogados.com\\\/augusta-abogados-incorpora-a-rodolfo-fernandez-cuellas-como-socio-de-mercantil-corporativo-innovacion\\\/\"},\"author\":{\"name\":\"Augusta Abogados\",\"@id\":\"https:\\\/\\\/augustaabogados.com\\\/#\\\/schema\\\/person\\\/8c5e230eb6ed47cdd14ee188eb04a753\"},\"headline\":\"Augusta Abogados joins Rodolfo Fern\u00e1ndez-Cuellas as a partner of Corporate &#038; Innovation\",\"datePublished\":\"2020-07-15T00:00:00+00:00\",\"dateModified\":\"2024-02-06T10:32:20+00:00\",\"mainEntityOfPage\":{\"@id\":\"https:\\\/\\\/augustaabogados.com\\\/augusta-abogados-incorpora-a-rodolfo-fernandez-cuellas-como-socio-de-mercantil-corporativo-innovacion\\\/\"},\"wordCount\":305,\"publisher\":{\"@id\":\"https:\\\/\\\/augustaabogados.com\\\/#organization\"},\"image\":{\"@id\":\"https:\\\/\\\/augustaabogados.com\\\/augusta-abogados-incorpora-a-rodolfo-fernandez-cuellas-como-socio-de-mercantil-corporativo-innovacion\\\/#primaryimage\"},\"thumbnailUrl\":\"https:\\\/\\\/augustaabogados.com\\\/wp-content\\\/uploads\\\/2024\\\/02\\\/actualidad-actualitat-news-augusta-abogados-1035.jpg\",\"keywords\":[\"corporate law\",\"derecho mercantil\",\"innovation &amp; arbitration\",\"internet contracts\",\"lawyer\",\"New Entries\"],\"articleSection\":[\"PRESS RELEASE\"],\"inLanguage\":\"en-US\"},{\"@type\":[\"WebPage\",\"ItemPage\"],\"@id\":\"https:\\\/\\\/augustaabogados.com\\\/augusta-abogados-incorpora-a-rodolfo-fernandez-cuellas-como-socio-de-mercantil-corporativo-innovacion\\\/\",\"url\":\"https:\\\/\\\/augustaabogados.com\\\/augusta-abogados-incorpora-a-rodolfo-fernandez-cuellas-como-socio-de-mercantil-corporativo-innovacion\\\/\",\"name\":\"Informaci\u00f3n sobre la modificaci\u00f3n de la Ley catalana del Impuesto sobre Sucesiones y Donaciones|Informaci\u00f3n sobre la modificaci\u00f3n de la Ley catalana del Impuesto sobre Sucesiones y Donaciones\",\"isPartOf\":{\"@id\":\"https:\\\/\\\/augustaabogados.com\\\/#website\"},\"primaryImageOfPage\":{\"@id\":\"https:\\\/\\\/augustaabogados.com\\\/augusta-abogados-incorpora-a-rodolfo-fernandez-cuellas-como-socio-de-mercantil-corporativo-innovacion\\\/#primaryimage\"},\"image\":{\"@id\":\"https:\\\/\\\/augustaabogados.com\\\/augusta-abogados-incorpora-a-rodolfo-fernandez-cuellas-como-socio-de-mercantil-corporativo-innovacion\\\/#primaryimage\"},\"thumbnailUrl\":\"https:\\\/\\\/augustaabogados.com\\\/wp-content\\\/uploads\\\/2024\\\/02\\\/actualidad-actualitat-news-augusta-abogados-1035.jpg\",\"datePublished\":\"2020-07-15T00:00:00+00:00\",\"dateModified\":\"2024-02-06T10:32:20+00:00\",\"description\":\"La modificaci\u00f3n de la Ley catalana del Impuesto sobre Sucesiones y Donaciones obliga a reevaluar las planificaciones fiscales de la sucesi\u00f3n familiar y empresarial.|La modificaci\u00f3n de la Ley catalana del Impuesto sobre Sucesiones y Donaciones obliga a reevaluar las planificaciones fiscales de la sucesi\u00f3n familiar y empresarial.\",\"breadcrumb\":{\"@id\":\"https:\\\/\\\/augustaabogados.com\\\/augusta-abogados-incorpora-a-rodolfo-fernandez-cuellas-como-socio-de-mercantil-corporativo-innovacion\\\/#breadcrumb\"},\"inLanguage\":\"en-US\",\"potentialAction\":[{\"@type\":\"ReadAction\",\"target\":[\"https:\\\/\\\/augustaabogados.com\\\/augusta-abogados-incorpora-a-rodolfo-fernandez-cuellas-como-socio-de-mercantil-corporativo-innovacion\\\/\"]}]},{\"@type\":\"ImageObject\",\"inLanguage\":\"en-US\",\"@id\":\"https:\\\/\\\/augustaabogados.com\\\/augusta-abogados-incorpora-a-rodolfo-fernandez-cuellas-como-socio-de-mercantil-corporativo-innovacion\\\/#primaryimage\",\"url\":\"https:\\\/\\\/augustaabogados.com\\\/wp-content\\\/uploads\\\/2024\\\/02\\\/actualidad-actualitat-news-augusta-abogados-1035.jpg\",\"contentUrl\":\"https:\\\/\\\/augustaabogados.com\\\/wp-content\\\/uploads\\\/2024\\\/02\\\/actualidad-actualitat-news-augusta-abogados-1035.jpg\",\"width\":800,\"height\":418},{\"@type\":\"BreadcrumbList\",\"@id\":\"https:\\\/\\\/augustaabogados.com\\\/augusta-abogados-incorpora-a-rodolfo-fernandez-cuellas-como-socio-de-mercantil-corporativo-innovacion\\\/#breadcrumb\",\"itemListElement\":[{\"@type\":\"ListItem\",\"position\":1,\"name\":\"Portada\",\"item\":\"https:\\\/\\\/augustaabogados.com\\\/en\\\/\"},{\"@type\":\"ListItem\",\"position\":2,\"name\":\"Augusta Abogados joins Rodolfo Fern\u00e1ndez-Cuellas as a partner of Corporate &#038; Innovation\"}]},{\"@type\":\"WebSite\",\"@id\":\"https:\\\/\\\/augustaabogados.com\\\/#website\",\"url\":\"https:\\\/\\\/augustaabogados.com\\\/\",\"name\":\"Augusta Abogados\",\"description\":\"\",\"publisher\":{\"@id\":\"https:\\\/\\\/augustaabogados.com\\\/#organization\"},\"potentialAction\":[{\"@type\":\"SearchAction\",\"target\":{\"@type\":\"EntryPoint\",\"urlTemplate\":\"https:\\\/\\\/augustaabogados.com\\\/?s={search_term_string}\"},\"query-input\":{\"@type\":\"PropertyValueSpecification\",\"valueRequired\":true,\"valueName\":\"search_term_string\"}}],\"inLanguage\":\"en-US\"},{\"@type\":\"Organization\",\"@id\":\"https:\\\/\\\/augustaabogados.com\\\/#organization\",\"name\":\"Augusta Abogados\",\"url\":\"https:\\\/\\\/augustaabogados.com\\\/\",\"logo\":{\"@type\":\"ImageObject\",\"inLanguage\":\"en-US\",\"@id\":\"https:\\\/\\\/augustaabogados.com\\\/#\\\/schema\\\/logo\\\/image\\\/\",\"url\":\"https:\\\/\\\/augustaabogados.com\\\/wp-content\\\/uploads\\\/2023\\\/11\\\/LOGO-AUGUSTA.svg\",\"contentUrl\":\"https:\\\/\\\/augustaabogados.com\\\/wp-content\\\/uploads\\\/2023\\\/11\\\/LOGO-AUGUSTA.svg\",\"caption\":\"Augusta Abogados\"},\"image\":{\"@id\":\"https:\\\/\\\/augustaabogados.com\\\/#\\\/schema\\\/logo\\\/image\\\/\"}},{\"@type\":\"Person\",\"@id\":\"https:\\\/\\\/augustaabogados.com\\\/#\\\/schema\\\/person\\\/8c5e230eb6ed47cdd14ee188eb04a753\",\"name\":\"Augusta Abogados\",\"image\":{\"@type\":\"ImageObject\",\"inLanguage\":\"en-US\",\"@id\":\"https:\\\/\\\/secure.gravatar.com\\\/avatar\\\/09e6ceb5fccff542915602bda752518fa959b0df2d103d929aefa74c2909a4bc?s=96&d=mm&r=g\",\"url\":\"https:\\\/\\\/secure.gravatar.com\\\/avatar\\\/09e6ceb5fccff542915602bda752518fa959b0df2d103d929aefa74c2909a4bc?s=96&d=mm&r=g\",\"contentUrl\":\"https:\\\/\\\/secure.gravatar.com\\\/avatar\\\/09e6ceb5fccff542915602bda752518fa959b0df2d103d929aefa74c2909a4bc?s=96&d=mm&r=g\",\"caption\":\"Augusta Abogados\"}}]}<\/script>\n<!-- \/ Yoast SEO plugin. -->","yoast_head_json":{"title":"Informaci\u00f3n sobre la modificaci\u00f3n de la Ley catalana del Impuesto sobre Sucesiones y Donaciones|Informaci\u00f3n sobre la modificaci\u00f3n de la Ley catalana del Impuesto sobre Sucesiones y Donaciones","description":"La modificaci\u00f3n de la Ley catalana del Impuesto sobre Sucesiones y Donaciones obliga a reevaluar las planificaciones fiscales de la sucesi\u00f3n familiar y empresarial.|La modificaci\u00f3n de la Ley catalana del Impuesto sobre Sucesiones y Donaciones obliga a reevaluar las planificaciones fiscales de la sucesi\u00f3n familiar y empresarial.","robots":{"index":"index","follow":"follow","max-snippet":"max-snippet:-1","max-image-preview":"max-image-preview:large","max-video-preview":"max-video-preview:-1"},"canonical":"https:\/\/augustaabogados.com\/augusta-abogados-incorpora-a-rodolfo-fernandez-cuellas-como-socio-de-mercantil-corporativo-innovacion\/","og_locale":"en_US","og_type":"article","og_title":"Informaci\u00f3n sobre la modificaci\u00f3n de la Ley catalana del Impuesto sobre Sucesiones y Donaciones|Informaci\u00f3n sobre la modificaci\u00f3n de la Ley catalana del Impuesto sobre Sucesiones y Donaciones","og_description":"La modificaci\u00f3n de la Ley catalana del Impuesto sobre Sucesiones y Donaciones obliga a reevaluar las planificaciones fiscales de la sucesi\u00f3n familiar y empresarial.|La modificaci\u00f3n de la Ley catalana del Impuesto sobre Sucesiones y Donaciones obliga a reevaluar las planificaciones fiscales de la sucesi\u00f3n familiar y empresarial.","og_url":"https:\/\/augustaabogados.com\/augusta-abogados-incorpora-a-rodolfo-fernandez-cuellas-como-socio-de-mercantil-corporativo-innovacion\/","og_site_name":"Augusta Abogados","article_published_time":"2020-07-15T00:00:00+00:00","article_modified_time":"2024-02-06T10:32:20+00:00","og_image":[{"width":800,"height":418,"url":"https:\/\/augustaabogados.com\/wp-content\/uploads\/2024\/02\/actualidad-actualitat-news-augusta-abogados-1035.jpg","type":"image\/jpeg"}],"author":"Augusta Abogados","twitter_card":"summary_large_image","twitter_misc":{"Written by":"Augusta Abogados","Est. reading time":"3 minutes"},"schema":{"@context":"https:\/\/schema.org","@graph":[{"@type":"Article","@id":"https:\/\/augustaabogados.com\/augusta-abogados-incorpora-a-rodolfo-fernandez-cuellas-como-socio-de-mercantil-corporativo-innovacion\/#article","isPartOf":{"@id":"https:\/\/augustaabogados.com\/augusta-abogados-incorpora-a-rodolfo-fernandez-cuellas-como-socio-de-mercantil-corporativo-innovacion\/"},"author":{"name":"Augusta Abogados","@id":"https:\/\/augustaabogados.com\/#\/schema\/person\/8c5e230eb6ed47cdd14ee188eb04a753"},"headline":"Augusta Abogados joins Rodolfo Fern\u00e1ndez-Cuellas as a partner of Corporate &#038; Innovation","datePublished":"2020-07-15T00:00:00+00:00","dateModified":"2024-02-06T10:32:20+00:00","mainEntityOfPage":{"@id":"https:\/\/augustaabogados.com\/augusta-abogados-incorpora-a-rodolfo-fernandez-cuellas-como-socio-de-mercantil-corporativo-innovacion\/"},"wordCount":305,"publisher":{"@id":"https:\/\/augustaabogados.com\/#organization"},"image":{"@id":"https:\/\/augustaabogados.com\/augusta-abogados-incorpora-a-rodolfo-fernandez-cuellas-como-socio-de-mercantil-corporativo-innovacion\/#primaryimage"},"thumbnailUrl":"https:\/\/augustaabogados.com\/wp-content\/uploads\/2024\/02\/actualidad-actualitat-news-augusta-abogados-1035.jpg","keywords":["corporate law","derecho mercantil","innovation &amp; arbitration","internet contracts","lawyer","New Entries"],"articleSection":["PRESS RELEASE"],"inLanguage":"en-US"},{"@type":["WebPage","ItemPage"],"@id":"https:\/\/augustaabogados.com\/augusta-abogados-incorpora-a-rodolfo-fernandez-cuellas-como-socio-de-mercantil-corporativo-innovacion\/","url":"https:\/\/augustaabogados.com\/augusta-abogados-incorpora-a-rodolfo-fernandez-cuellas-como-socio-de-mercantil-corporativo-innovacion\/","name":"Informaci\u00f3n sobre la modificaci\u00f3n de la Ley catalana del Impuesto sobre Sucesiones y Donaciones|Informaci\u00f3n sobre la modificaci\u00f3n de la Ley catalana del Impuesto sobre Sucesiones y Donaciones","isPartOf":{"@id":"https:\/\/augustaabogados.com\/#website"},"primaryImageOfPage":{"@id":"https:\/\/augustaabogados.com\/augusta-abogados-incorpora-a-rodolfo-fernandez-cuellas-como-socio-de-mercantil-corporativo-innovacion\/#primaryimage"},"image":{"@id":"https:\/\/augustaabogados.com\/augusta-abogados-incorpora-a-rodolfo-fernandez-cuellas-como-socio-de-mercantil-corporativo-innovacion\/#primaryimage"},"thumbnailUrl":"https:\/\/augustaabogados.com\/wp-content\/uploads\/2024\/02\/actualidad-actualitat-news-augusta-abogados-1035.jpg","datePublished":"2020-07-15T00:00:00+00:00","dateModified":"2024-02-06T10:32:20+00:00","description":"La modificaci\u00f3n de la Ley catalana del Impuesto sobre Sucesiones y Donaciones obliga a reevaluar las planificaciones fiscales de la sucesi\u00f3n familiar y empresarial.|La modificaci\u00f3n de la Ley catalana del Impuesto sobre Sucesiones y Donaciones obliga a reevaluar las planificaciones fiscales de la sucesi\u00f3n familiar y empresarial.","breadcrumb":{"@id":"https:\/\/augustaabogados.com\/augusta-abogados-incorpora-a-rodolfo-fernandez-cuellas-como-socio-de-mercantil-corporativo-innovacion\/#breadcrumb"},"inLanguage":"en-US","potentialAction":[{"@type":"ReadAction","target":["https:\/\/augustaabogados.com\/augusta-abogados-incorpora-a-rodolfo-fernandez-cuellas-como-socio-de-mercantil-corporativo-innovacion\/"]}]},{"@type":"ImageObject","inLanguage":"en-US","@id":"https:\/\/augustaabogados.com\/augusta-abogados-incorpora-a-rodolfo-fernandez-cuellas-como-socio-de-mercantil-corporativo-innovacion\/#primaryimage","url":"https:\/\/augustaabogados.com\/wp-content\/uploads\/2024\/02\/actualidad-actualitat-news-augusta-abogados-1035.jpg","contentUrl":"https:\/\/augustaabogados.com\/wp-content\/uploads\/2024\/02\/actualidad-actualitat-news-augusta-abogados-1035.jpg","width":800,"height":418},{"@type":"BreadcrumbList","@id":"https:\/\/augustaabogados.com\/augusta-abogados-incorpora-a-rodolfo-fernandez-cuellas-como-socio-de-mercantil-corporativo-innovacion\/#breadcrumb","itemListElement":[{"@type":"ListItem","position":1,"name":"Portada","item":"https:\/\/augustaabogados.com\/en\/"},{"@type":"ListItem","position":2,"name":"Augusta Abogados joins Rodolfo Fern\u00e1ndez-Cuellas as a partner of Corporate &#038; Innovation"}]},{"@type":"WebSite","@id":"https:\/\/augustaabogados.com\/#website","url":"https:\/\/augustaabogados.com\/","name":"Augusta Abogados","description":"","publisher":{"@id":"https:\/\/augustaabogados.com\/#organization"},"potentialAction":[{"@type":"SearchAction","target":{"@type":"EntryPoint","urlTemplate":"https:\/\/augustaabogados.com\/?s={search_term_string}"},"query-input":{"@type":"PropertyValueSpecification","valueRequired":true,"valueName":"search_term_string"}}],"inLanguage":"en-US"},{"@type":"Organization","@id":"https:\/\/augustaabogados.com\/#organization","name":"Augusta Abogados","url":"https:\/\/augustaabogados.com\/","logo":{"@type":"ImageObject","inLanguage":"en-US","@id":"https:\/\/augustaabogados.com\/#\/schema\/logo\/image\/","url":"https:\/\/augustaabogados.com\/wp-content\/uploads\/2023\/11\/LOGO-AUGUSTA.svg","contentUrl":"https:\/\/augustaabogados.com\/wp-content\/uploads\/2023\/11\/LOGO-AUGUSTA.svg","caption":"Augusta Abogados"},"image":{"@id":"https:\/\/augustaabogados.com\/#\/schema\/logo\/image\/"}},{"@type":"Person","@id":"https:\/\/augustaabogados.com\/#\/schema\/person\/8c5e230eb6ed47cdd14ee188eb04a753","name":"Augusta Abogados","image":{"@type":"ImageObject","inLanguage":"en-US","@id":"https:\/\/secure.gravatar.com\/avatar\/09e6ceb5fccff542915602bda752518fa959b0df2d103d929aefa74c2909a4bc?s=96&d=mm&r=g","url":"https:\/\/secure.gravatar.com\/avatar\/09e6ceb5fccff542915602bda752518fa959b0df2d103d929aefa74c2909a4bc?s=96&d=mm&r=g","contentUrl":"https:\/\/secure.gravatar.com\/avatar\/09e6ceb5fccff542915602bda752518fa959b0df2d103d929aefa74c2909a4bc?s=96&d=mm&r=g","caption":"Augusta Abogados"}}]}},"_links":{"self":[{"href":"https:\/\/augustaabogados.com\/en\/wp-json\/wp\/v2\/posts\/39145","targetHints":{"allow":["GET"]}}],"collection":[{"href":"https:\/\/augustaabogados.com\/en\/wp-json\/wp\/v2\/posts"}],"about":[{"href":"https:\/\/augustaabogados.com\/en\/wp-json\/wp\/v2\/types\/post"}],"author":[{"embeddable":true,"href":"https:\/\/augustaabogados.com\/en\/wp-json\/wp\/v2\/users\/8"}],"replies":[{"embeddable":true,"href":"https:\/\/augustaabogados.com\/en\/wp-json\/wp\/v2\/comments?post=39145"}],"version-history":[{"count":1,"href":"https:\/\/augustaabogados.com\/en\/wp-json\/wp\/v2\/posts\/39145\/revisions"}],"predecessor-version":[{"id":39149,"href":"https:\/\/augustaabogados.com\/en\/wp-json\/wp\/v2\/posts\/39145\/revisions\/39149"}],"wp:featuredmedia":[{"embeddable":true,"href":"https:\/\/augustaabogados.com\/en\/wp-json\/wp\/v2\/media\/34858"}],"wp:attachment":[{"href":"https:\/\/augustaabogados.com\/en\/wp-json\/wp\/v2\/media?parent=39145"}],"wp:term":[{"taxonomy":"category","embeddable":true,"href":"https:\/\/augustaabogados.com\/en\/wp-json\/wp\/v2\/categories?post=39145"},{"taxonomy":"post_tag","embeddable":true,"href":"https:\/\/augustaabogados.com\/en\/wp-json\/wp\/v2\/tags?post=39145"},{"taxonomy":"servicio-asociado","embeddable":true,"href":"https:\/\/augustaabogados.com\/en\/wp-json\/wp\/v2\/servicio-asociado?post=39145"}],"curies":[{"name":"wp","href":"https:\/\/api.w.org\/{rel}","templated":true}]}}