{"id":40148,"date":"2023-12-07T00:00:00","date_gmt":"2023-12-07T00:00:00","guid":{"rendered":"https:\/\/augustaabogados.com\/innangard-and-augusta-abogados-share-their-collective-expertise-on-labour-and-employment-law-issues-in-the-aviation-sector\/"},"modified":"2024-07-18T12:49:23","modified_gmt":"2024-07-18T12:49:23","slug":"innangard-and-augusta-abogados-share-their-collective-expertise-on-labour-and-employment-law-issues-in-the-aviation-sector","status":"publish","type":"post","link":"https:\/\/augustaabogados.com\/en\/innangard-and-augusta-abogados-share-their-collective-expertise-on-labour-and-employment-law-issues-in-the-aviation-sector\/","title":{"rendered":"Innangard and Augusta Abogados share their collective expertise on labour and employment law issues in the aviation sector"},"content":{"rendered":"<p>Innangardglobal (the network of lawyers specialised in labour law of which Augusta Abogados is a member) has launched a series of information pills on important aspects in certain sectors of activity in which we are present. We begin this series of videoblogs with a specific one on the most important labour aspects in the aviation sector.<\/p>\n<p>Our partner <a href=\"http:\/\/jordim52.sg-host.com\/equipo\/juan-jose-hita-fernandez\/\" target=\"_blank\" rel=\"noopener\">Juan Jose Hita<\/a> makes a very interesting review on significant aspects such as the differences between the inflight and ground collective (with special emphasis on cabin crew and pilots), the current situation of handling licenses in Spain, aspects related to labour contracting, working time (with special reference to flight time limitations &#8220;FTL&#8221;), aspects relating to the social security of crews or more business aspects such as the recovery of load factors in the sector, the impact of the possible merger between Air Europa and Iberia on the market and trends in new environmentally friendly fuels.<\/p>\n<p>&nbsp;<\/p>\n<p><a href=\"https:\/\/youtu.be\/19oTKpJ1v9o\" target=\"_blank\" rel=\"noopener\"><img fetchpriority=\"high\" decoding=\"async\" class=\"alignnone wp-image-18237\" src=\"https:\/\/augustaabogados.com\/wp-content\/uploads\/2024\/02\/Innangard_Juanjo-Aviation-16-300x157.png\" alt=\"\" width=\"373\" height=\"195\" \/><\/a><\/p>\n<p><a href=\"https:\/\/youtu.be\/19oTKpJ1v9o\" target=\"_blank\" rel=\"noopener\">See video<\/a><\/p>\n<p>&nbsp;<\/p>\n","protected":false},"excerpt":{"rendered":"<p>Innangardglobal (the network of lawyers specialised in labour law of which Augusta Abogados is a member) has launched a series of information pills on important aspects in certain sectors of activity in which we are present. We begin this series of videoblogs with a specific one on the most important labour aspects in the aviation [&hellip;]<\/p>\n","protected":false},"author":8,"featured_media":35972,"comment_status":"closed","ping_status":"open","sticky":false,"template":"","format":"standard","meta":{"content-type":"","site-sidebar-layout":"no-sidebar","site-content-layout":"page-builder","ast-site-content-layout":"default","site-content-style":"default","site-sidebar-style":"default","ast-global-header-display":"","ast-banner-title-visibility":"","ast-main-header-display":"","ast-hfb-above-header-display":"","ast-hfb-below-header-display":"","ast-hfb-mobile-header-display":"","site-post-title":"","ast-breadcrumbs-content":"","ast-featured-img":"","footer-sml-layout":"","ast-disable-related-posts":"","theme-transparent-header-meta":"disabled","adv-header-id-meta":"","stick-header-meta":"","header-above-stick-meta":"","header-main-stick-meta":"","header-below-stick-meta":"","astra-migrate-meta-layouts":"set","ast-page-background-enabled":"default","ast-page-background-meta":{"desktop":{"background-color":"var(--ast-global-color-4)","background-image":"","background-repeat":"repeat","background-position":"center center","background-size":"auto","background-attachment":"scroll","background-type":"","background-media":"","overlay-type":"","overlay-color":"","overlay-opacity":"","overlay-gradient":""},"tablet":{"background-color":"","background-image":"","background-repeat":"repeat","background-position":"center center","background-size":"auto","background-attachment":"scroll","background-type":"","background-media":"","overlay-type":"","overlay-color":"","overlay-opacity":"","overlay-gradient":""},"mobile":{"background-color":"","background-image":"","background-repeat":"repeat","background-position":"center center","background-size":"auto","background-attachment":"scroll","background-type":"","background-media":"","overlay-type":"","overlay-color":"","overlay-opacity":"","overlay-gradient":""}},"ast-content-background-meta":{"desktop":{"background-color":"var(--ast-global-color-5)","background-image":"","background-repeat":"repeat","background-position":"center center","background-size":"auto","background-attachment":"scroll","background-type":"","background-media":"","overlay-type":"","overlay-color":"","overlay-opacity":"","overlay-gradient":""},"tablet":{"background-color":"var(--ast-global-color-5)","background-image":"","background-repeat":"repeat","background-position":"center center","background-size":"auto","background-attachment":"scroll","background-type":"","background-media":"","overlay-type":"","overlay-color":"","overlay-opacity":"","overlay-gradient":""},"mobile":{"background-color":"var(--ast-global-color-5)","background-image":"","background-repeat":"repeat","background-position":"center center","background-size":"auto","background-attachment":"scroll","background-type":"","background-media":"","overlay-type":"","overlay-color":"","overlay-opacity":"","overlay-gradient":""}},"footnotes":""},"categories":[1897,1899],"tags":[2085,2084,2083],"servicio-asociado":[1851,1859],"class_list":["post-40148","post","type-post","status-publish","format-standard","has-post-thumbnail","hentry","category-news","category-publication","tag-employment-en","tag-innangard-en","tag-podcast","servicio-asociado-aviacion-en","servicio-asociado-laboral-en"],"acf":[],"yoast_head":"<!-- This site is optimized with the Yoast SEO plugin v27.4 - https:\/\/yoast.com\/product\/yoast-seo-wordpress\/ -->\n<title>Informaci\u00f3n sobre la modificaci\u00f3n de la Ley catalana del Impuesto sobre Sucesiones y Donaciones|Informaci\u00f3n sobre la modificaci\u00f3n de la Ley catalana del Impuesto sobre Sucesiones y Donaciones<\/title>\n<meta name=\"description\" content=\"La modificaci\u00f3n de la Ley catalana del Impuesto sobre Sucesiones y Donaciones obliga a reevaluar las planificaciones fiscales de la sucesi\u00f3n familiar y empresarial.|La modificaci\u00f3n de la Ley catalana del Impuesto sobre Sucesiones y Donaciones obliga a reevaluar las planificaciones fiscales de la sucesi\u00f3n familiar y empresarial.\" \/>\n<meta name=\"robots\" content=\"index, follow, max-snippet:-1, max-image-preview:large, max-video-preview:-1\" \/>\n<link rel=\"canonical\" href=\"https:\/\/augustaabogados.com\/en\/innangard-and-augusta-abogados-share-their-collective-expertise-on-labour-and-employment-law-issues-in-the-aviation-sector\/\" \/>\n<meta property=\"og:locale\" content=\"en_US\" \/>\n<meta property=\"og:type\" content=\"article\" \/>\n<meta property=\"og:title\" content=\"Informaci\u00f3n sobre la modificaci\u00f3n de la Ley catalana del Impuesto sobre Sucesiones y Donaciones|Informaci\u00f3n sobre la modificaci\u00f3n de la Ley catalana del Impuesto sobre Sucesiones y Donaciones\" \/>\n<meta property=\"og:description\" content=\"La modificaci\u00f3n de la Ley catalana del Impuesto sobre Sucesiones y Donaciones obliga a reevaluar las planificaciones fiscales de la sucesi\u00f3n familiar y empresarial.|La modificaci\u00f3n de la Ley catalana del Impuesto sobre Sucesiones y Donaciones obliga a reevaluar las planificaciones fiscales de la sucesi\u00f3n familiar y empresarial.\" \/>\n<meta property=\"og:url\" content=\"https:\/\/augustaabogados.com\/en\/innangard-and-augusta-abogados-share-their-collective-expertise-on-labour-and-employment-law-issues-in-the-aviation-sector\/\" \/>\n<meta property=\"og:site_name\" content=\"Augusta Abogados\" \/>\n<meta property=\"article:published_time\" content=\"2023-12-07T00:00:00+00:00\" \/>\n<meta property=\"article:modified_time\" content=\"2024-07-18T12:49:23+00:00\" \/>\n<meta property=\"og:image\" content=\"https:\/\/augustaabogados.com\/wp-content\/uploads\/2024\/02\/Innangard_Juanjo-Aviation-15.png\" \/>\n\t<meta property=\"og:image:width\" content=\"1200\" \/>\n\t<meta property=\"og:image:height\" content=\"627\" \/>\n\t<meta property=\"og:image:type\" content=\"image\/png\" \/>\n<meta name=\"author\" content=\"Augusta Abogados\" \/>\n<meta name=\"twitter:card\" content=\"summary_large_image\" \/>\n<meta name=\"twitter:label1\" content=\"Written by\" \/>\n\t<meta name=\"twitter:data1\" content=\"Augusta Abogados\" \/>\n\t<meta name=\"twitter:label2\" content=\"Est. reading time\" \/>\n\t<meta name=\"twitter:data2\" content=\"2 minutes\" \/>\n<script type=\"application\/ld+json\" class=\"yoast-schema-graph\">{\"@context\":\"https:\\\/\\\/schema.org\",\"@graph\":[{\"@type\":\"Article\",\"@id\":\"https:\\\/\\\/augustaabogados.com\\\/en\\\/innangard-and-augusta-abogados-share-their-collective-expertise-on-labour-and-employment-law-issues-in-the-aviation-sector\\\/#article\",\"isPartOf\":{\"@id\":\"https:\\\/\\\/augustaabogados.com\\\/en\\\/innangard-and-augusta-abogados-share-their-collective-expertise-on-labour-and-employment-law-issues-in-the-aviation-sector\\\/\"},\"author\":{\"name\":\"Augusta Abogados\",\"@id\":\"https:\\\/\\\/augustaabogados.com\\\/#\\\/schema\\\/person\\\/8c5e230eb6ed47cdd14ee188eb04a753\"},\"headline\":\"Innangard and Augusta Abogados share their collective expertise on labour and employment law issues in the aviation sector\",\"datePublished\":\"2023-12-07T00:00:00+00:00\",\"dateModified\":\"2024-07-18T12:49:23+00:00\",\"mainEntityOfPage\":{\"@id\":\"https:\\\/\\\/augustaabogados.com\\\/en\\\/innangard-and-augusta-abogados-share-their-collective-expertise-on-labour-and-employment-law-issues-in-the-aviation-sector\\\/\"},\"wordCount\":175,\"publisher\":{\"@id\":\"https:\\\/\\\/augustaabogados.com\\\/#organization\"},\"image\":{\"@id\":\"https:\\\/\\\/augustaabogados.com\\\/en\\\/innangard-and-augusta-abogados-share-their-collective-expertise-on-labour-and-employment-law-issues-in-the-aviation-sector\\\/#primaryimage\"},\"thumbnailUrl\":\"https:\\\/\\\/augustaabogados.com\\\/wp-content\\\/uploads\\\/2024\\\/02\\\/Innangard_Juanjo-Aviation-15.png\",\"keywords\":[\"employment\",\"Innangard\",\"podcast\"],\"articleSection\":[\"NEWS\",\"PUBLICATION\"],\"inLanguage\":\"en-US\"},{\"@type\":[\"WebPage\",\"ItemPage\"],\"@id\":\"https:\\\/\\\/augustaabogados.com\\\/en\\\/innangard-and-augusta-abogados-share-their-collective-expertise-on-labour-and-employment-law-issues-in-the-aviation-sector\\\/\",\"url\":\"https:\\\/\\\/augustaabogados.com\\\/en\\\/innangard-and-augusta-abogados-share-their-collective-expertise-on-labour-and-employment-law-issues-in-the-aviation-sector\\\/\",\"name\":\"Informaci\u00f3n sobre la modificaci\u00f3n de la Ley catalana del Impuesto sobre Sucesiones y Donaciones|Informaci\u00f3n sobre la modificaci\u00f3n de la Ley catalana del Impuesto sobre Sucesiones y Donaciones\",\"isPartOf\":{\"@id\":\"https:\\\/\\\/augustaabogados.com\\\/#website\"},\"primaryImageOfPage\":{\"@id\":\"https:\\\/\\\/augustaabogados.com\\\/en\\\/innangard-and-augusta-abogados-share-their-collective-expertise-on-labour-and-employment-law-issues-in-the-aviation-sector\\\/#primaryimage\"},\"image\":{\"@id\":\"https:\\\/\\\/augustaabogados.com\\\/en\\\/innangard-and-augusta-abogados-share-their-collective-expertise-on-labour-and-employment-law-issues-in-the-aviation-sector\\\/#primaryimage\"},\"thumbnailUrl\":\"https:\\\/\\\/augustaabogados.com\\\/wp-content\\\/uploads\\\/2024\\\/02\\\/Innangard_Juanjo-Aviation-15.png\",\"datePublished\":\"2023-12-07T00:00:00+00:00\",\"dateModified\":\"2024-07-18T12:49:23+00:00\",\"description\":\"La modificaci\u00f3n de la Ley catalana del Impuesto sobre Sucesiones y Donaciones obliga a reevaluar las planificaciones fiscales de la sucesi\u00f3n familiar y empresarial.|La modificaci\u00f3n de la Ley catalana del Impuesto sobre Sucesiones y Donaciones obliga a reevaluar las planificaciones fiscales de la sucesi\u00f3n familiar y empresarial.\",\"breadcrumb\":{\"@id\":\"https:\\\/\\\/augustaabogados.com\\\/en\\\/innangard-and-augusta-abogados-share-their-collective-expertise-on-labour-and-employment-law-issues-in-the-aviation-sector\\\/#breadcrumb\"},\"inLanguage\":\"en-US\",\"potentialAction\":[{\"@type\":\"ReadAction\",\"target\":[\"https:\\\/\\\/augustaabogados.com\\\/en\\\/innangard-and-augusta-abogados-share-their-collective-expertise-on-labour-and-employment-law-issues-in-the-aviation-sector\\\/\"]}]},{\"@type\":\"ImageObject\",\"inLanguage\":\"en-US\",\"@id\":\"https:\\\/\\\/augustaabogados.com\\\/en\\\/innangard-and-augusta-abogados-share-their-collective-expertise-on-labour-and-employment-law-issues-in-the-aviation-sector\\\/#primaryimage\",\"url\":\"https:\\\/\\\/augustaabogados.com\\\/wp-content\\\/uploads\\\/2024\\\/02\\\/Innangard_Juanjo-Aviation-15.png\",\"contentUrl\":\"https:\\\/\\\/augustaabogados.com\\\/wp-content\\\/uploads\\\/2024\\\/02\\\/Innangard_Juanjo-Aviation-15.png\",\"width\":1200,\"height\":627},{\"@type\":\"BreadcrumbList\",\"@id\":\"https:\\\/\\\/augustaabogados.com\\\/en\\\/innangard-and-augusta-abogados-share-their-collective-expertise-on-labour-and-employment-law-issues-in-the-aviation-sector\\\/#breadcrumb\",\"itemListElement\":[{\"@type\":\"ListItem\",\"position\":1,\"name\":\"Portada\",\"item\":\"https:\\\/\\\/augustaabogados.com\\\/en\\\/\"},{\"@type\":\"ListItem\",\"position\":2,\"name\":\"Innangard and Augusta Abogados share their collective expertise on labour and employment law issues in the aviation sector\"}]},{\"@type\":\"WebSite\",\"@id\":\"https:\\\/\\\/augustaabogados.com\\\/#website\",\"url\":\"https:\\\/\\\/augustaabogados.com\\\/\",\"name\":\"Augusta Abogados\",\"description\":\"\",\"publisher\":{\"@id\":\"https:\\\/\\\/augustaabogados.com\\\/#organization\"},\"potentialAction\":[{\"@type\":\"SearchAction\",\"target\":{\"@type\":\"EntryPoint\",\"urlTemplate\":\"https:\\\/\\\/augustaabogados.com\\\/?s={search_term_string}\"},\"query-input\":{\"@type\":\"PropertyValueSpecification\",\"valueRequired\":true,\"valueName\":\"search_term_string\"}}],\"inLanguage\":\"en-US\"},{\"@type\":\"Organization\",\"@id\":\"https:\\\/\\\/augustaabogados.com\\\/#organization\",\"name\":\"Augusta Abogados\",\"url\":\"https:\\\/\\\/augustaabogados.com\\\/\",\"logo\":{\"@type\":\"ImageObject\",\"inLanguage\":\"en-US\",\"@id\":\"https:\\\/\\\/augustaabogados.com\\\/#\\\/schema\\\/logo\\\/image\\\/\",\"url\":\"https:\\\/\\\/augustaabogados.com\\\/wp-content\\\/uploads\\\/2023\\\/11\\\/LOGO-AUGUSTA.svg\",\"contentUrl\":\"https:\\\/\\\/augustaabogados.com\\\/wp-content\\\/uploads\\\/2023\\\/11\\\/LOGO-AUGUSTA.svg\",\"caption\":\"Augusta Abogados\"},\"image\":{\"@id\":\"https:\\\/\\\/augustaabogados.com\\\/#\\\/schema\\\/logo\\\/image\\\/\"}},{\"@type\":\"Person\",\"@id\":\"https:\\\/\\\/augustaabogados.com\\\/#\\\/schema\\\/person\\\/8c5e230eb6ed47cdd14ee188eb04a753\",\"name\":\"Augusta Abogados\",\"image\":{\"@type\":\"ImageObject\",\"inLanguage\":\"en-US\",\"@id\":\"https:\\\/\\\/secure.gravatar.com\\\/avatar\\\/09e6ceb5fccff542915602bda752518fa959b0df2d103d929aefa74c2909a4bc?s=96&d=mm&r=g\",\"url\":\"https:\\\/\\\/secure.gravatar.com\\\/avatar\\\/09e6ceb5fccff542915602bda752518fa959b0df2d103d929aefa74c2909a4bc?s=96&d=mm&r=g\",\"contentUrl\":\"https:\\\/\\\/secure.gravatar.com\\\/avatar\\\/09e6ceb5fccff542915602bda752518fa959b0df2d103d929aefa74c2909a4bc?s=96&d=mm&r=g\",\"caption\":\"Augusta Abogados\"}}]}<\/script>\n<!-- \/ Yoast SEO plugin. -->","yoast_head_json":{"title":"Informaci\u00f3n sobre la modificaci\u00f3n de la Ley catalana del Impuesto sobre Sucesiones y Donaciones|Informaci\u00f3n sobre la modificaci\u00f3n de la Ley catalana del Impuesto sobre Sucesiones y Donaciones","description":"La modificaci\u00f3n de la Ley catalana del Impuesto sobre Sucesiones y Donaciones obliga a reevaluar las planificaciones fiscales de la sucesi\u00f3n familiar y empresarial.|La modificaci\u00f3n de la Ley catalana del Impuesto sobre Sucesiones y Donaciones obliga a reevaluar las planificaciones fiscales de la sucesi\u00f3n familiar y empresarial.","robots":{"index":"index","follow":"follow","max-snippet":"max-snippet:-1","max-image-preview":"max-image-preview:large","max-video-preview":"max-video-preview:-1"},"canonical":"https:\/\/augustaabogados.com\/en\/innangard-and-augusta-abogados-share-their-collective-expertise-on-labour-and-employment-law-issues-in-the-aviation-sector\/","og_locale":"en_US","og_type":"article","og_title":"Informaci\u00f3n sobre la modificaci\u00f3n de la Ley catalana del Impuesto sobre Sucesiones y Donaciones|Informaci\u00f3n sobre la modificaci\u00f3n de la Ley catalana del Impuesto sobre Sucesiones y Donaciones","og_description":"La modificaci\u00f3n de la Ley catalana del Impuesto sobre Sucesiones y Donaciones obliga a reevaluar las planificaciones fiscales de la sucesi\u00f3n familiar y empresarial.|La modificaci\u00f3n de la Ley catalana del Impuesto sobre Sucesiones y Donaciones obliga a reevaluar las planificaciones fiscales de la sucesi\u00f3n familiar y empresarial.","og_url":"https:\/\/augustaabogados.com\/en\/innangard-and-augusta-abogados-share-their-collective-expertise-on-labour-and-employment-law-issues-in-the-aviation-sector\/","og_site_name":"Augusta Abogados","article_published_time":"2023-12-07T00:00:00+00:00","article_modified_time":"2024-07-18T12:49:23+00:00","og_image":[{"width":1200,"height":627,"url":"https:\/\/augustaabogados.com\/wp-content\/uploads\/2024\/02\/Innangard_Juanjo-Aviation-15.png","type":"image\/png"}],"author":"Augusta Abogados","twitter_card":"summary_large_image","twitter_misc":{"Written by":"Augusta Abogados","Est. reading time":"2 minutes"},"schema":{"@context":"https:\/\/schema.org","@graph":[{"@type":"Article","@id":"https:\/\/augustaabogados.com\/en\/innangard-and-augusta-abogados-share-their-collective-expertise-on-labour-and-employment-law-issues-in-the-aviation-sector\/#article","isPartOf":{"@id":"https:\/\/augustaabogados.com\/en\/innangard-and-augusta-abogados-share-their-collective-expertise-on-labour-and-employment-law-issues-in-the-aviation-sector\/"},"author":{"name":"Augusta Abogados","@id":"https:\/\/augustaabogados.com\/#\/schema\/person\/8c5e230eb6ed47cdd14ee188eb04a753"},"headline":"Innangard and Augusta Abogados share their collective expertise on labour and employment law issues in the aviation sector","datePublished":"2023-12-07T00:00:00+00:00","dateModified":"2024-07-18T12:49:23+00:00","mainEntityOfPage":{"@id":"https:\/\/augustaabogados.com\/en\/innangard-and-augusta-abogados-share-their-collective-expertise-on-labour-and-employment-law-issues-in-the-aviation-sector\/"},"wordCount":175,"publisher":{"@id":"https:\/\/augustaabogados.com\/#organization"},"image":{"@id":"https:\/\/augustaabogados.com\/en\/innangard-and-augusta-abogados-share-their-collective-expertise-on-labour-and-employment-law-issues-in-the-aviation-sector\/#primaryimage"},"thumbnailUrl":"https:\/\/augustaabogados.com\/wp-content\/uploads\/2024\/02\/Innangard_Juanjo-Aviation-15.png","keywords":["employment","Innangard","podcast"],"articleSection":["NEWS","PUBLICATION"],"inLanguage":"en-US"},{"@type":["WebPage","ItemPage"],"@id":"https:\/\/augustaabogados.com\/en\/innangard-and-augusta-abogados-share-their-collective-expertise-on-labour-and-employment-law-issues-in-the-aviation-sector\/","url":"https:\/\/augustaabogados.com\/en\/innangard-and-augusta-abogados-share-their-collective-expertise-on-labour-and-employment-law-issues-in-the-aviation-sector\/","name":"Informaci\u00f3n sobre la modificaci\u00f3n de la Ley catalana del Impuesto sobre Sucesiones y Donaciones|Informaci\u00f3n sobre la modificaci\u00f3n de la Ley catalana del Impuesto sobre Sucesiones y Donaciones","isPartOf":{"@id":"https:\/\/augustaabogados.com\/#website"},"primaryImageOfPage":{"@id":"https:\/\/augustaabogados.com\/en\/innangard-and-augusta-abogados-share-their-collective-expertise-on-labour-and-employment-law-issues-in-the-aviation-sector\/#primaryimage"},"image":{"@id":"https:\/\/augustaabogados.com\/en\/innangard-and-augusta-abogados-share-their-collective-expertise-on-labour-and-employment-law-issues-in-the-aviation-sector\/#primaryimage"},"thumbnailUrl":"https:\/\/augustaabogados.com\/wp-content\/uploads\/2024\/02\/Innangard_Juanjo-Aviation-15.png","datePublished":"2023-12-07T00:00:00+00:00","dateModified":"2024-07-18T12:49:23+00:00","description":"La modificaci\u00f3n de la Ley catalana del Impuesto sobre Sucesiones y Donaciones obliga a reevaluar las planificaciones fiscales de la sucesi\u00f3n familiar y empresarial.|La modificaci\u00f3n de la Ley catalana del Impuesto sobre Sucesiones y Donaciones obliga a reevaluar las planificaciones fiscales de la sucesi\u00f3n familiar y empresarial.","breadcrumb":{"@id":"https:\/\/augustaabogados.com\/en\/innangard-and-augusta-abogados-share-their-collective-expertise-on-labour-and-employment-law-issues-in-the-aviation-sector\/#breadcrumb"},"inLanguage":"en-US","potentialAction":[{"@type":"ReadAction","target":["https:\/\/augustaabogados.com\/en\/innangard-and-augusta-abogados-share-their-collective-expertise-on-labour-and-employment-law-issues-in-the-aviation-sector\/"]}]},{"@type":"ImageObject","inLanguage":"en-US","@id":"https:\/\/augustaabogados.com\/en\/innangard-and-augusta-abogados-share-their-collective-expertise-on-labour-and-employment-law-issues-in-the-aviation-sector\/#primaryimage","url":"https:\/\/augustaabogados.com\/wp-content\/uploads\/2024\/02\/Innangard_Juanjo-Aviation-15.png","contentUrl":"https:\/\/augustaabogados.com\/wp-content\/uploads\/2024\/02\/Innangard_Juanjo-Aviation-15.png","width":1200,"height":627},{"@type":"BreadcrumbList","@id":"https:\/\/augustaabogados.com\/en\/innangard-and-augusta-abogados-share-their-collective-expertise-on-labour-and-employment-law-issues-in-the-aviation-sector\/#breadcrumb","itemListElement":[{"@type":"ListItem","position":1,"name":"Portada","item":"https:\/\/augustaabogados.com\/en\/"},{"@type":"ListItem","position":2,"name":"Innangard and Augusta Abogados share their collective expertise on labour and employment law issues in the aviation sector"}]},{"@type":"WebSite","@id":"https:\/\/augustaabogados.com\/#website","url":"https:\/\/augustaabogados.com\/","name":"Augusta Abogados","description":"","publisher":{"@id":"https:\/\/augustaabogados.com\/#organization"},"potentialAction":[{"@type":"SearchAction","target":{"@type":"EntryPoint","urlTemplate":"https:\/\/augustaabogados.com\/?s={search_term_string}"},"query-input":{"@type":"PropertyValueSpecification","valueRequired":true,"valueName":"search_term_string"}}],"inLanguage":"en-US"},{"@type":"Organization","@id":"https:\/\/augustaabogados.com\/#organization","name":"Augusta Abogados","url":"https:\/\/augustaabogados.com\/","logo":{"@type":"ImageObject","inLanguage":"en-US","@id":"https:\/\/augustaabogados.com\/#\/schema\/logo\/image\/","url":"https:\/\/augustaabogados.com\/wp-content\/uploads\/2023\/11\/LOGO-AUGUSTA.svg","contentUrl":"https:\/\/augustaabogados.com\/wp-content\/uploads\/2023\/11\/LOGO-AUGUSTA.svg","caption":"Augusta Abogados"},"image":{"@id":"https:\/\/augustaabogados.com\/#\/schema\/logo\/image\/"}},{"@type":"Person","@id":"https:\/\/augustaabogados.com\/#\/schema\/person\/8c5e230eb6ed47cdd14ee188eb04a753","name":"Augusta Abogados","image":{"@type":"ImageObject","inLanguage":"en-US","@id":"https:\/\/secure.gravatar.com\/avatar\/09e6ceb5fccff542915602bda752518fa959b0df2d103d929aefa74c2909a4bc?s=96&d=mm&r=g","url":"https:\/\/secure.gravatar.com\/avatar\/09e6ceb5fccff542915602bda752518fa959b0df2d103d929aefa74c2909a4bc?s=96&d=mm&r=g","contentUrl":"https:\/\/secure.gravatar.com\/avatar\/09e6ceb5fccff542915602bda752518fa959b0df2d103d929aefa74c2909a4bc?s=96&d=mm&r=g","caption":"Augusta Abogados"}}]}},"_links":{"self":[{"href":"https:\/\/augustaabogados.com\/en\/wp-json\/wp\/v2\/posts\/40148","targetHints":{"allow":["GET"]}}],"collection":[{"href":"https:\/\/augustaabogados.com\/en\/wp-json\/wp\/v2\/posts"}],"about":[{"href":"https:\/\/augustaabogados.com\/en\/wp-json\/wp\/v2\/types\/post"}],"author":[{"embeddable":true,"href":"https:\/\/augustaabogados.com\/en\/wp-json\/wp\/v2\/users\/8"}],"replies":[{"embeddable":true,"href":"https:\/\/augustaabogados.com\/en\/wp-json\/wp\/v2\/comments?post=40148"}],"version-history":[{"count":2,"href":"https:\/\/augustaabogados.com\/en\/wp-json\/wp\/v2\/posts\/40148\/revisions"}],"predecessor-version":[{"id":45560,"href":"https:\/\/augustaabogados.com\/en\/wp-json\/wp\/v2\/posts\/40148\/revisions\/45560"}],"wp:featuredmedia":[{"embeddable":true,"href":"https:\/\/augustaabogados.com\/en\/wp-json\/wp\/v2\/media\/35972"}],"wp:attachment":[{"href":"https:\/\/augustaabogados.com\/en\/wp-json\/wp\/v2\/media?parent=40148"}],"wp:term":[{"taxonomy":"category","embeddable":true,"href":"https:\/\/augustaabogados.com\/en\/wp-json\/wp\/v2\/categories?post=40148"},{"taxonomy":"post_tag","embeddable":true,"href":"https:\/\/augustaabogados.com\/en\/wp-json\/wp\/v2\/tags?post=40148"},{"taxonomy":"servicio-asociado","embeddable":true,"href":"https:\/\/augustaabogados.com\/en\/wp-json\/wp\/v2\/servicio-asociado?post=40148"}],"curies":[{"name":"wp","href":"https:\/\/api.w.org\/{rel}","templated":true}]}}